{"id":287135,"date":"2026-02-13T15:39:00","date_gmt":"2026-02-13T18:39:00","guid":{"rendered":"https:\/\/portalpopmais.com.br\/?p=287135"},"modified":"2026-02-13T17:34:30","modified_gmt":"2026-02-13T20:34:30","slug":"irmao-fala-morte-james-van-der-beek","status":"publish","type":"post","link":"https:\/\/portalpopmais.com.br\/en\/irmao-fala-morte-james-van-der-beek\/","title":{"rendered":"Irm\u00e3o de James Van Der Beek lamenta morte do ator de Dawson\u2019s Creek aos 48 anos: \u201cCora\u00e7\u00e3o partido\u201d"},"content":{"rendered":"<p>A <a href=\"https:\/\/portalpopmais.com.br\/en\/morre-james-van-der-beek\/\">morte de <strong>James Van Der Beek<\/strong><\/a>, astro da s\u00e9rie <em>Dawson\u2019s Creek<\/em>, aos 48 anos, v\u00edtima de c\u00e2ncer colorretal, continua comovendo f\u00e3s ao redor do mundo. Nesta sexta-feira (13), o irm\u00e3o do ator, <strong>Jared Van Der Beek<\/strong>, usou as redes sociais para publicar um emocionante desabafo sobre a perda irrepar\u00e1vel. O artista faleceu na quarta-feira (11) e deixou a esposa, Kimberly Van Der Beek, e seis filhos.<\/p>\n\n\n<div class=\"wp-block-image\">\n<figure class=\"aligncenter\"><img decoding=\"async\" src=\"https:\/\/s2-quem.glbimg.com\/Wd1EBxjs2rouQM2_QOv5OmdAto4=\/0x0:480x360\/984x0\/smart\/filters:strip_icc()\/i.s3.glbimg.com\/v1\/AUTH_b0f0e84207c948ab8b8777be5a6a4395\/internal_photos\/bs\/2026\/o\/O\/5jw5pUTuqr3oS0mg2LcQ\/snapinsta.to-628037083-18563553274009250-1430950395020795684-n.jpg\" alt=\"Jared Van Der Beek se despede do irm\u00e3o, James Van Der Beek \u2014 Foto: Reprodu\u00e7\u00e3o\/Instagram\" title=\"\"><figcaption class=\"wp-element-caption\">Jared Van Der Beek se despede do irm\u00e3o, James Van Der Beek \u2014 Foto: Reprodu\u00e7\u00e3o\/Instagram<\/figcaption><\/figure>\n<\/div>\n\n\n<p><strong>Leia tamb\u00e9m<\/strong>:<\/p>\n\n\n\n<ul class=\"wp-block-list\">\n<li><a href=\"https:\/\/portalpopmais.com.br\/en\/familia-afirma-que-james-van-der-beek-morreu-em-paz-fe-e-serenidade\/\">Fam\u00edlia afirma que James Van Der Beek morreu em paz<\/a><\/li>\n\n\n\n<li><a href=\"https:\/\/portalpopmais.com.br\/en\/em-ultima-aparicao-james-van-der-beek-apareceu-debilitado-veja-video\/\">Em \u00faltima apari\u00e7\u00e3o, James Van Der Beek estava debilitado<\/a><\/li>\n\n\n\n<li><a href=\"https:\/\/portalpopmais.com.br\/en\/ultimos-momentos-james-van-der-beek\/\">Amigas de James Van Der Beek compartilham fotos de seus \u00faltimos dias<\/a><\/li>\n<\/ul>\n\n\n\n<h3 class=\"wp-block-heading\">Despedida emocionante comove f\u00e3s<\/h3>\n\n\n\n<p>Em um longo texto publicado no Instagram, Jared declarou estar de \u201ccora\u00e7\u00e3o partido\u201d e revelou a dor profunda que est\u00e1 enfrentando ap\u00f3s a morte do irm\u00e3o.<\/p>\n\n\n\n<p>\u201cH\u00e1 um sentimento de devasta\u00e7\u00e3o e dor que corre t\u00e3o fundo no cora\u00e7\u00e3o, n\u00e3o sabia que ia doer tanto\u201d, escreveu.<\/p>\n\n\n\n<p>Segundo ele, o v\u00ednculo entre os dois sempre foi forte e inabal\u00e1vel. Jared destacou que James era seu maior apoio e inspira\u00e7\u00e3o desde a inf\u00e2ncia.<\/p>\n\n\n\n<p>\u201cEle era a minha pessoa, aquele a quem eu fui para tudo e qualquer coisa. Admiro James desde que nasci. Ele nunca deixou de estar l\u00e1 para mim sempre que precisei dele.\u201d<\/p>\n\n\n<div class=\"wp-block-image\">\n<figure class=\"aligncenter size-large\"><img loading=\"lazy\" decoding=\"async\" width=\"1000\" height=\"694\" src=\"https:\/\/portalpopmais.com.br\/wp-content\/uploads\/2026\/02\/image-175-1000x694.png\" alt=\"\" class=\"wp-image-287136\" title=\"\" srcset=\"https:\/\/portalpopmais.com.br\/wp-content\/uploads\/2026\/02\/image-175-1000x694.png 1000w, https:\/\/portalpopmais.com.br\/wp-content\/uploads\/2026\/02\/image-175-16x12.png 16w\" sizes=\"auto, (max-width: 1000px) 100vw, 1000px\" \/><figcaption class=\"wp-element-caption\">Jared Van Der Beek se despede do irm\u00e3o, James Van Der Beek \u2014 Foto: Reprodu\u00e7\u00e3o\/Instagram<br><br><\/figcaption><\/figure>\n<\/div>\n\n\n<h3 class=\"wp-block-heading\">Legado al\u00e9m das telas<\/h3>\n\n\n\n<p>Conhecido mundialmente por interpretar Dawson Leery na s\u00e9rie <em>Dawson\u2019s Creek<\/em>, James Van Der Beek marcou uma gera\u00e7\u00e3o e construiu uma carreira s\u00f3lida na televis\u00e3o e no cinema.<\/p>\n\n\n\n<p>Jared ressaltou que o impacto do irm\u00e3o foi al\u00e9m da fama:<\/p>\n\n\n\n<p>\u201cTem sido maravilhoso ler e ver como ele tocou tantas vidas n\u00e3o por algo que ele fez, mas por quem ele era. Ele compartilhou com o cora\u00e7\u00e3o aberto e com a sua alma s\u00e1bia.\u201d<\/p>\n\n\n\n<p>O irm\u00e3o tamb\u00e9m agradeceu as mensagens de apoio, ora\u00e7\u00f5es e o carinho recebido nos \u00faltimos dias.<\/p>\n\n\n\n<p>\u201cA cura j\u00e1 come\u00e7ou com todo o derramamento de amor, ora\u00e7\u00f5es e apoio. A comunidade de pessoas que estavam intimamente envolvidas no seu falecimento foi nada menos que incr\u00edvel.\u201d<\/p>\n\n\n\n<h2 class=\"wp-block-heading\">\u00daltima homenagem: \u201cEu te amo\u201d<\/h2>\n\n\n\n<p>No trecho final da publica\u00e7\u00e3o, Jared declarou que, apesar da dor, sente a presen\u00e7a espiritual do irm\u00e3o.<\/p>\n\n\n\n<p>\u201cJames, j\u00e1 sinto falta da sua presen\u00e7a f\u00edsica e das suas palavras de sabedoria ao telefone. Mesmo assim, sinto sua presen\u00e7a com muita intensidade e sei que voc\u00ea continuar\u00e1 me guiando. Obrigada por viver sua vida comigo. Eu te amo.\u201d<\/p>","protected":false},"excerpt":{"rendered":"<p>Jared Van Der Beek publica homenagem emocionante ap\u00f3s a morte do astro de Dawson\u2019s Creek, v\u00edtima de c\u00e2ncer colorretal aos 48 anos, e agradece apoio dos f\u00e3s.<\/p>","protected":false},"author":2,"featured_media":287139,"comment_status":"closed","ping_status":"closed","sticky":false,"template":"","format":"standard","meta":{"footnotes":""},"categories":[173],"tags":[16977],"class_list":["post-287135","post","type-post","status-publish","format-standard","has-post-thumbnail","hentry","category-celebridades","tag-james-van-der-beek"],"_links":{"self":[{"href":"https:\/\/portalpopmais.com.br\/en\/wp-json\/wp\/v2\/posts\/287135","targetHints":{"allow":["GET"]}}],"collection":[{"href":"https:\/\/portalpopmais.com.br\/en\/wp-json\/wp\/v2\/posts"}],"about":[{"href":"https:\/\/portalpopmais.com.br\/en\/wp-json\/wp\/v2\/types\/post"}],"author":[{"embeddable":true,"href":"https:\/\/portalpopmais.com.br\/en\/wp-json\/wp\/v2\/users\/2"}],"replies":[{"embeddable":true,"href":"https:\/\/portalpopmais.com.br\/en\/wp-json\/wp\/v2\/comments?post=287135"}],"version-history":[{"count":0,"href":"https:\/\/portalpopmais.com.br\/en\/wp-json\/wp\/v2\/posts\/287135\/revisions"}],"wp:featuredmedia":[{"embeddable":true,"href":"https:\/\/portalpopmais.com.br\/en\/wp-json\/wp\/v2\/media\/287139"}],"wp:attachment":[{"href":"https:\/\/portalpopmais.com.br\/en\/wp-json\/wp\/v2\/media?parent=287135"}],"wp:term":[{"taxonomy":"category","embeddable":true,"href":"https:\/\/portalpopmais.com.br\/en\/wp-json\/wp\/v2\/categories?post=287135"},{"taxonomy":"post_tag","embeddable":true,"href":"https:\/\/portalpopmais.com.br\/en\/wp-json\/wp\/v2\/tags?post=287135"}],"curies":[{"name":"wp","href":"https:\/\/api.w.org\/{rel}","templated":true}]}}