{"id":287147,"date":"2026-02-13T20:57:59","date_gmt":"2026-02-13T23:57:59","guid":{"rendered":"https:\/\/portalpopmais.com.br\/?p=287147"},"modified":"2026-02-13T20:58:01","modified_gmt":"2026-02-13T23:58:01","slug":"anitta-desabafa-sobre-pedidos-para-subir-em-trio-eletrico-e-um-caminhao-nao-e-uma-casa","status":"publish","type":"post","link":"https:\/\/portalpopmais.com.br\/en\/anitta-desabafa-sobre-pedidos-para-subir-em-trio-eletrico-e-um-caminhao-nao-e-uma-casa\/","title":{"rendered":"Anitta desabafa sobre pedidos para subir em trio el\u00e9trico: \u201c\u00c9 um caminh\u00e3o, n\u00e3o \u00e9 uma casa\u201d"},"content":{"rendered":"<p>A poucos dias de comandar a folia no tradicional circuito Barra\/Ondina, em Salvador, neste s\u00e1bado (14), Anitta usou as redes sociais para fazer um desabafo bem-humorado \u2014 mas direto \u2014 sobre a quantidade de pedidos que tem recebido para subir em seu trio el\u00e9trico.<\/p>\n\n\n\n<p>Segundo a cantora, amigos e conhecidos t\u00eam insistido para garantir uma \u201cvaguinha\u201d no ve\u00edculo durante o desfile. No entanto, a artista fez quest\u00e3o de lembrar que o espa\u00e7o \u00e9 limitado.<\/p>\n\n\n<div class=\"wp-block-image\">\n<figure class=\"aligncenter size-full\"><img loading=\"lazy\" decoding=\"async\" width=\"770\" height=\"523\" src=\"https:\/\/portalpopmais.com.br\/wp-content\/uploads\/2025\/01\/Anitta-mania-de-voce-holofote-fmodia.jpg\" alt=\"\" class=\"wp-image-223661\" title=\"\"><figcaption class=\"wp-element-caption\">Foto: Divulga\u00e7\u00e3o<\/figcaption><\/figure>\n<\/div>\n\n\n<p>\u201cGente, deixa eu dar uma informa\u00e7\u00e3o \u00fatil pra todos os presentes a\u00ed do Carnaval. O trio el\u00e9trico \u00e9 um caminh\u00e3o, sabia? Voc\u00eas j\u00e1 viram? Trio el\u00e9trico? Bota a\u00ed no Google. Trio el\u00e9trico \u00e9 um caminh\u00e3o\u201d, afirmou.<\/p>\n\n\n\n<h3 class=\"wp-block-heading\">Compara\u00e7\u00e3o para explicar o recado<\/h3>\n\n\n\n<p>Para deixar a situa\u00e7\u00e3o ainda mais clara, Anitta comparou o trio el\u00e9trico a um carro comum, destacando que h\u00e1 um limite f\u00edsico de ocupa\u00e7\u00e3o.<\/p>\n\n\n\n<p>\u201cSe eu te pedir uma carona, voc\u00ea tem um carro. A\u00ed tem l\u00e1 o seu carro, voc\u00ea, o banco do seu lado e os de tr\u00e1s. Se eu te pedir pra botar 20 pessoas dentro, tu consegue levar? N\u00e3o, n\u00e9? Ent\u00e3o por que que tu acha que no trio cabe todo mundo que tu pede?\u201d, questionou.<\/p>\n\n\n\n<p>A cantora refor\u00e7ou que, apesar de parecer grande visto de fora, o trio n\u00e3o comporta um n\u00famero ilimitado de convidados.<\/p>\n\n\n\n<p>\u201c\u00c9 um caminh\u00e3o, n\u00e3o \u00e9 uma casa n\u00e3o, viu? N\u00e3o \u00e9 um terreno, n\u00e3o \u00e9 um evento num local. \u00c9 um caminh\u00e3o que anda\u201d, completou.<\/p>\n\n\n\n<h2 class=\"wp-block-heading\">O que \u00e9 um trio el\u00e9trico?<\/h2>\n\n\n\n<p>O trio el\u00e9trico \u00e9 uma estrutura montada sobre um caminh\u00e3o adaptado, equipada com palco, sistema de som potente e ilumina\u00e7\u00e3o. Ele percorre os circuitos do Carnaval enquanto artistas se apresentam ao vivo, arrastando multid\u00f5es pelas ruas.<\/p>\n\n\n\n<p>Apesar do tamanho impressionante, o espa\u00e7o \u00e9 ocupado por m\u00fasicos, dan\u00e7arinos, equipe t\u00e9cnica, seguran\u00e7as e convidados \u2014 o que naturalmente limita a quantidade de pessoas que podem subir.<\/p>\n\n\n\n<p><\/p>","protected":false},"excerpt":{"rendered":"<p>A poucos dias de comandar a folia no tradicional circuito Barra\/Ondina, em Salvador, neste s\u00e1bado (14), Anitta usou as redes sociais para fazer um desabafo bem-humorado \u2014 mas direto \u2014 sobre a quantidade de pedidos que tem recebido para subir em seu trio el\u00e9trico. Segundo a cantora, amigos e conhecidos t\u00eam insistido para garantir uma [&hellip;]<\/p>\n","protected":false},"author":2,"featured_media":263913,"comment_status":"closed","ping_status":"closed","sticky":false,"template":"","format":"standard","meta":{"footnotes":""},"categories":[173],"tags":[167],"class_list":["post-287147","post","type-post","status-publish","format-standard","has-post-thumbnail","hentry","category-celebridades","tag-anitta"],"_links":{"self":[{"href":"https:\/\/portalpopmais.com.br\/en\/wp-json\/wp\/v2\/posts\/287147","targetHints":{"allow":["GET"]}}],"collection":[{"href":"https:\/\/portalpopmais.com.br\/en\/wp-json\/wp\/v2\/posts"}],"about":[{"href":"https:\/\/portalpopmais.com.br\/en\/wp-json\/wp\/v2\/types\/post"}],"author":[{"embeddable":true,"href":"https:\/\/portalpopmais.com.br\/en\/wp-json\/wp\/v2\/users\/2"}],"replies":[{"embeddable":true,"href":"https:\/\/portalpopmais.com.br\/en\/wp-json\/wp\/v2\/comments?post=287147"}],"version-history":[{"count":0,"href":"https:\/\/portalpopmais.com.br\/en\/wp-json\/wp\/v2\/posts\/287147\/revisions"}],"wp:featuredmedia":[{"embeddable":true,"href":"https:\/\/portalpopmais.com.br\/en\/wp-json\/wp\/v2\/media\/263913"}],"wp:attachment":[{"href":"https:\/\/portalpopmais.com.br\/en\/wp-json\/wp\/v2\/media?parent=287147"}],"wp:term":[{"taxonomy":"category","embeddable":true,"href":"https:\/\/portalpopmais.com.br\/en\/wp-json\/wp\/v2\/categories?post=287147"},{"taxonomy":"post_tag","embeddable":true,"href":"https:\/\/portalpopmais.com.br\/en\/wp-json\/wp\/v2\/tags?post=287147"}],"curies":[{"name":"wp","href":"https:\/\/api.w.org\/{rel}","templated":true}]}}