{"id":288470,"date":"2026-02-16T13:31:10","date_gmt":"2026-02-16T16:31:10","guid":{"rendered":"https:\/\/portalpopmais.com.br\/?p=288470"},"modified":"2026-02-16T13:31:12","modified_gmt":"2026-02-16T16:31:12","slug":"paolla-oliveira-quebra-silencio-sobre-boatos-de-reconciliacao-com-diogo-nogueira-a-gente-se-ama","status":"publish","type":"post","link":"https:\/\/portalpopmais.com.br\/en\/paolla-oliveira-quebra-silencio-sobre-boatos-de-reconciliacao-com-diogo-nogueira-a-gente-se-ama\/","title":{"rendered":"Paolla Oliveira quebra sil\u00eancio sobre boatos de reconcilia\u00e7\u00e3o com Diogo Nogueira: \u201cA gente se ama\u201d"},"content":{"rendered":"<p>Durante a primeira noite de desfiles do Grupo Especial do Rio de Janeiro, a atriz Paolla Oliveira falou abertamente sobre os recentes rumores de que estaria reatando o relacionamento com o cantor Diogo Nogueira. As especula\u00e7\u00f5es ganharam for\u00e7a ap\u00f3s intera\u00e7\u00f5es carinhosas entre os dois nas redes sociais e mensagens trocadas nos \u00faltimos dias, mas Paolla foi clara ao afirmar que n\u00e3o houve reconcilia\u00e7\u00e3o amorosa.<\/p>\n\n\n\n<p>Em conversa com a imprensa na Sapuca\u00ed, a atriz negou que o casal tenha voltado oficialmente, mas explicou que mant\u00e9m um v\u00ednculo afetivo com o m\u00fasico mesmo ap\u00f3s a separa\u00e7\u00e3o. \u201cA gente se separou como casal, mas eu sou louca pelo Diogo, por ele e pela fam\u00edlia dele, e ele por mim. Quando o relacionamento \u00e9 bom, isso deixa la\u00e7os\u201d, disse Paolla, ressaltando que esse carinho n\u00e3o significa uma retomada do namoro.<\/p>\n\n\n\n<h3 class=\"wp-block-heading\">Sobre a vida de solteira<\/h3>\n\n\n\n<p>Questionada sobre como est\u00e1 sua vida desde o fim do relacionamento, Paolla respondeu com bom humor, dizendo que est\u00e1 \u201cnormal\u201d e ainda sem prestar muita aten\u00e7\u00e3o \u00e0 vida de solteira \u2014 um sinal claro de que, apesar dos boatos, ela segue focada em si mesma e em seus projetos.<\/p>\n\n\n\n<h3 class=\"wp-block-heading\">Rumores e pol\u00eamicas<\/h3>\n\n\n\n<p>Al\u00e9m dos boatos de reconcilia\u00e7\u00e3o, Paolla tamb\u00e9m comentou publicamente outras especula\u00e7\u00f5es que circularam sobre ela recentemente, incluindo coment\u00e1rios infundados sobre suposta cirurgia pl\u00e1stica \u00edntima e suposi\u00e7\u00f5es de rivalidade com outras personalidades que participaram do Carnaval. A atriz classificou essas hist\u00f3rias como inven\u00e7\u00f5es da internet e disse que n\u00e3o d\u00e1 espa\u00e7o para que boatos interfiram em sua vida.<\/p>\n\n\n\n<h3 class=\"wp-block-heading\">Rela\u00e7\u00e3o com Virginia Fonseca<\/h3>\n\n\n\n<p>Sobre a influenciadora Virginia Fonseca, que desfilou este ano pela Grande Rio, Paolla afirmou que n\u00e3o h\u00e1 qualquer clima de rivalidade. Segundo ela, a presen\u00e7a de duas mulheres em destaque na mesma festa mostra que \u00e9 poss\u00edvel brilhar sem competi\u00e7\u00e3o. \u201cN\u00e3o tem por que disputar ou ofuscar ningu\u00e9m. A gente pode estar feliz, ocupando nosso espa\u00e7o, cada uma com suas conquistas\u201d, declarou.<\/p>\n\n\n\n<h3 class=\"wp-block-heading\">O que Diogo Nogueira j\u00e1 disse<\/h3>\n\n\n\n<p>O pr\u00f3prio cantor tamb\u00e9m vinha comentando sobre a rela\u00e7\u00e3o com a atriz recentemente. Em entrevistas nas \u00faltimas semanas, Diogo garantiu que os dois mant\u00eam respeito e carinho m\u00fatuos, mas reafirmou que n\u00e3o houve um retorno do namoro. \u201cN\u00e3o voltamos, n\u00e3o. Nos amamos como pessoas e nos respeitamos muito\u201d, afirmou o sambista, insistindo que a separa\u00e7\u00e3o foi uma escolha conjunta e madura.<\/p>","protected":false},"excerpt":{"rendered":"<p>Atriz reagiu aos rumores de reconcilia\u00e7\u00e3o.<\/p>","protected":false},"author":2,"featured_media":281354,"comment_status":"closed","ping_status":"closed","sticky":false,"template":"","format":"standard","meta":{"footnotes":""},"categories":[173],"tags":[7184],"class_list":["post-288470","post","type-post","status-publish","format-standard","has-post-thumbnail","hentry","category-celebridades","tag-paolla-oliveira"],"_links":{"self":[{"href":"https:\/\/portalpopmais.com.br\/en\/wp-json\/wp\/v2\/posts\/288470","targetHints":{"allow":["GET"]}}],"collection":[{"href":"https:\/\/portalpopmais.com.br\/en\/wp-json\/wp\/v2\/posts"}],"about":[{"href":"https:\/\/portalpopmais.com.br\/en\/wp-json\/wp\/v2\/types\/post"}],"author":[{"embeddable":true,"href":"https:\/\/portalpopmais.com.br\/en\/wp-json\/wp\/v2\/users\/2"}],"replies":[{"embeddable":true,"href":"https:\/\/portalpopmais.com.br\/en\/wp-json\/wp\/v2\/comments?post=288470"}],"version-history":[{"count":0,"href":"https:\/\/portalpopmais.com.br\/en\/wp-json\/wp\/v2\/posts\/288470\/revisions"}],"wp:featuredmedia":[{"embeddable":true,"href":"https:\/\/portalpopmais.com.br\/en\/wp-json\/wp\/v2\/media\/281354"}],"wp:attachment":[{"href":"https:\/\/portalpopmais.com.br\/en\/wp-json\/wp\/v2\/media?parent=288470"}],"wp:term":[{"taxonomy":"category","embeddable":true,"href":"https:\/\/portalpopmais.com.br\/en\/wp-json\/wp\/v2\/categories?post=288470"},{"taxonomy":"post_tag","embeddable":true,"href":"https:\/\/portalpopmais.com.br\/en\/wp-json\/wp\/v2\/tags?post=288470"}],"curies":[{"name":"wp","href":"https:\/\/api.w.org\/{rel}","templated":true}]}}