{"id":288552,"date":"2026-02-17T08:54:28","date_gmt":"2026-02-17T11:54:28","guid":{"rendered":"https:\/\/portalpopmais.com.br\/?p=288552"},"modified":"2026-02-17T08:54:31","modified_gmt":"2026-02-17T11:54:31","slug":"joao-vitor-silva-quem-e-o-novo-namorado-da-iza","status":"publish","type":"post","link":"https:\/\/portalpopmais.com.br\/en\/joao-vitor-silva-quem-e-o-novo-namorado-da-iza\/","title":{"rendered":"Jo\u00e3o Vitor Silva: quem \u00e9 o novo namorado da Iza?"},"content":{"rendered":"<p><a href=\"https:\/\/portalpopmais.com.br\/en\/trends\/iza\/\">Iza<\/a> surpreendeu o p\u00fablico ao assumir um novo romance na Marqu\u00eas de Sapuca\u00ed. Na madrugada desta ter\u00e7a-feira (17), durante o Carnaval do Rio de Janeiro, a cantora apareceu aos beijos com o ator <strong><a href=\"https:\/\/portalpopmais.com.br\/en\/trends\/joao-vitor-silva\/\" type=\"post_tag\" id=\"4575\">Jo\u00e3o Vitor Silva<\/a><\/strong>, confirmando o relacionamento.<\/p>\n\n\n\n<p>A artista, que havia brilhado como destaque da Imperatriz Leopoldinense na noite anterior, retornou ao samb\u00f3dromo acompanhada e n\u00e3o escondeu o clima de romance. O casal posou para fotos e trocou beijos diante das c\u00e2meras, movimentando as redes sociais.<\/p>\n\n\n<div class=\"wp-block-image\">\n<figure class=\"aligncenter size-full\"><img loading=\"lazy\" decoding=\"async\" width=\"1200\" height=\"800\" src=\"https:\/\/portalpopmais.com.br\/wp-content\/uploads\/2026\/02\/image-198.png\" alt=\"\" class=\"wp-image-288553\" title=\"\" srcset=\"https:\/\/portalpopmais.com.br\/wp-content\/uploads\/2026\/02\/image-198.png 1200w, https:\/\/portalpopmais.com.br\/wp-content\/uploads\/2026\/02\/image-198-768x512.png 768w, https:\/\/portalpopmais.com.br\/wp-content\/uploads\/2026\/02\/image-198-18x12.png 18w\" sizes=\"auto, (max-width: 1200px) 100vw, 1200px\" \/><figcaption class=\"wp-element-caption\">O ator Jo\u00e3o Vitor Silva &#8211; Foto: Reprodu\u00e7\u00e3o\/Redes Sociais<\/figcaption><\/figure>\n<\/div>\n\n\n<p><strong>Veja tamb\u00e9m:<\/strong><\/p>\n\n\n\n<ul class=\"wp-block-list\">\n<li><a href=\"https:\/\/portalpopmais.com.br\/en\/yuri-lima-reage-a-publicacao-de-iza-durante-ensaio-de-carnaval-na-sapucai\/\">Yuri Lima reage a publica\u00e7\u00e3o de Iza durante ensaio de Carnaval na Sapuca\u00ed<\/a><\/li>\n\n\n\n<li><a href=\"https:\/\/portalpopmais.com.br\/en\/ator-de-o-agente-secreto-reage-a-foto-de-iza-e-aumenta-rumores-de-affair\/\">Ator de \u201cO Agente Secreto\u201d reage a foto de IZA e aumenta rumores de affair<\/a><\/li>\n<\/ul>\n\n\n\n<h2 class=\"wp-block-heading\">Quem \u00e9 Jo\u00e3o Vitor Silva?<\/h2>\n\n\n\n<p>Aos 29 anos, Jo\u00e3o Vitor Silva \u00e9 carioca e iniciou a carreira art\u00edstica ainda na inf\u00e2ncia. Ele ficou nacionalmente conhecido ao interpretar Pedrinho no infantil S\u00edtio do Picapau Amarelo, da TV Globo, no in\u00edcio dos anos 2000, substituindo C\u00e9sar Cardadeiro no papel.<\/p>\n\n\n\n<p>Desde ent\u00e3o, o ator construiu trajet\u00f3ria s\u00f3lida na televis\u00e3o. Em 2007, integrou o elenco da 14\u00aa temporada de Malha\u00e7\u00e3o como o personagem Goiaba. No ano seguinte, passou a atuar em produ\u00e7\u00f5es da Record TV, ampliando sua experi\u00eancia em novelas.<\/p>\n\n\n\n<h2 class=\"wp-block-heading\">Sucesso em s\u00e9ries e cinema<\/h2>\n\n\n\n<p>Jo\u00e3o retornou \u00e0 Globo em 2015 para participar de Verdades Secretas. Mas foi em Impuros, em 2018, que ganhou ainda mais proje\u00e7\u00e3o ao viver o traficante Tabuada, personagem que integrou por seis temporadas.<\/p>\n\n\n\n<p>Em 2024, voltou \u00e0s novelas com Garota do Momento. J\u00e1 no cinema, conquistou destaque nacional com o filme O Agente Secreto, no qual contracena com Wagner Moura sob dire\u00e7\u00e3o de Kleber Mendon\u00e7a Filho. A produ\u00e7\u00e3o foi destaque internacional e ganhou espa\u00e7o em importantes premia\u00e7\u00f5es.<\/p>\n\n\n\n<p>Com carreira consolidada na TV e no streaming, Jo\u00e3o Vitor Silva agora tamb\u00e9m chama aten\u00e7\u00e3o fora das telas ao assumir publicamente o relacionamento com Iza, um dos nomes mais populares da m\u00fasica brasileira na atualidade.<\/p>\n\n\n\n<figure class=\"wp-block-embed is-type-rich is-provider-twitter wp-block-embed-twitter\"><div class=\"wp-block-embed__wrapper\">\n<blockquote class=\"twitter-tweet\" data-width=\"550\" data-dnt=\"true\"><p lang=\"pt\" dir=\"ltr\">\ud83d\udea8 A M\u00c3E EST\u00c1 VIVENDO! Ap\u00f3s rumores, IZA e o ator Jo\u00e3o Vitor Silva assumem romance.<br><br>&#8211; Os dois apareceram aos beijos na madrugada desta ter\u00e7a-feira (17), na Marqu\u00eas de Sapuca\u00ed. <a href=\"https:\/\/t.co\/Ex33qFtHFX\">pic.twitter.com\/Ex33qFtHFX<\/a><\/p>&mdash; IZA Access (@izaaccessbr) <a href=\"https:\/\/twitter.com\/izaaccessbr\/status\/2023671679323406824?ref_src=twsrc%5Etfw\" target=\"_blank\" rel=\"noopener\">February 17, 2026<\/a><\/blockquote><script async src=\"https:\/\/platform.twitter.com\/widgets.js\" charset=\"utf-8\"><\/script>\n<\/div><\/figure>","protected":false},"excerpt":{"rendered":"<p>Ator de S\u00edtio do Picapau Amarelo e destaque da s\u00e9rie Impuros, Jo\u00e3o Vitor Silva assume romance com Iza na Sapuca\u00ed e vira assunto nas redes.<\/p>","protected":false},"author":1,"featured_media":283798,"comment_status":"closed","ping_status":"closed","sticky":false,"template":"","format":"standard","meta":{"footnotes":""},"categories":[173],"tags":[18550,464,4575],"class_list":["post-288552","post","type-post","status-publish","format-standard","has-post-thumbnail","hentry","category-celebridades","tag-destaque","tag-iza","tag-joao-vitor-silva"],"_links":{"self":[{"href":"https:\/\/portalpopmais.com.br\/en\/wp-json\/wp\/v2\/posts\/288552","targetHints":{"allow":["GET"]}}],"collection":[{"href":"https:\/\/portalpopmais.com.br\/en\/wp-json\/wp\/v2\/posts"}],"about":[{"href":"https:\/\/portalpopmais.com.br\/en\/wp-json\/wp\/v2\/types\/post"}],"author":[{"embeddable":true,"href":"https:\/\/portalpopmais.com.br\/en\/wp-json\/wp\/v2\/users\/1"}],"replies":[{"embeddable":true,"href":"https:\/\/portalpopmais.com.br\/en\/wp-json\/wp\/v2\/comments?post=288552"}],"version-history":[{"count":0,"href":"https:\/\/portalpopmais.com.br\/en\/wp-json\/wp\/v2\/posts\/288552\/revisions"}],"wp:featuredmedia":[{"embeddable":true,"href":"https:\/\/portalpopmais.com.br\/en\/wp-json\/wp\/v2\/media\/283798"}],"wp:attachment":[{"href":"https:\/\/portalpopmais.com.br\/en\/wp-json\/wp\/v2\/media?parent=288552"}],"wp:term":[{"taxonomy":"category","embeddable":true,"href":"https:\/\/portalpopmais.com.br\/en\/wp-json\/wp\/v2\/categories?post=288552"},{"taxonomy":"post_tag","embeddable":true,"href":"https:\/\/portalpopmais.com.br\/en\/wp-json\/wp\/v2\/tags?post=288552"}],"curies":[{"name":"wp","href":"https:\/\/api.w.org\/{rel}","templated":true}]}}