{"id":288678,"date":"2026-02-18T07:12:48","date_gmt":"2026-02-18T10:12:48","guid":{"rendered":"https:\/\/portalpopmais.com.br\/?p=288678"},"modified":"2026-02-18T07:12:50","modified_gmt":"2026-02-18T10:12:50","slug":"video-virginia-fonseca-assustada-briga-grande-rio-sapucai-2026","status":"publish","type":"post","link":"https:\/\/portalpopmais.com.br\/en\/video-virginia-fonseca-assustada-briga-grande-rio-sapucai-2026\/","title":{"rendered":"V\u00eddeo mostra Virginia Fonseca assustada com briga generalizada ap\u00f3s desfile da Grande Rio na Sapuca\u00ed"},"content":{"rendered":"<p><strong><a href=\"https:\/\/portalpopmais.com.br\/en\/trends\/virginia-fonseca\/\" type=\"post_tag\" id=\"7653\">Virginia Fonseca<\/a><\/strong> viveu momentos de tens\u00e3o na madrugada desta quarta-feira (18), logo ap\u00f3s estrear como rainha de bateria da Acad\u00eamicos do Grande Rio no Carnaval do Rio de Janeiro 2026.<\/p>\n\n\n\n<p>Um v\u00eddeo que circula nas redes sociais mostra a influenciadora visivelmente assustada ao presenciar uma briga generalizada na dispers\u00e3o do desfile, na Marqu\u00eas de Sapuca\u00ed. Integrantes da escola trocaram agress\u00f5es f\u00edsicas pouco depois da apresenta\u00e7\u00e3o oficial.<\/p>\n\n\n\n<h2 class=\"wp-block-heading\">Confus\u00e3o aconteceu ap\u00f3s desfile<\/h2>\n\n\n\n<p>Segundo relatos de pessoas que estavam no local, a confus\u00e3o come\u00e7ou j\u00e1 na \u00e1rea de dispers\u00e3o, quando componentes da agremia\u00e7\u00e3o discutiram e partiram para agress\u00f5es. Nas imagens, Virginia aparece sendo protegida por membros da equipe enquanto observa a movimenta\u00e7\u00e3o com express\u00e3o de surpresa.<\/p>\n\n\n\n<p>At\u00e9 o momento, a escola n\u00e3o detalhou oficialmente o motivo da briga.<\/p>\n\n\n<div class=\"wp-block-image\">\n<figure class=\"aligncenter size-full is-resized\"><img loading=\"lazy\" decoding=\"async\" width=\"403\" height=\"651\" src=\"https:\/\/portalpopmais.com.br\/wp-content\/uploads\/2026\/02\/image-214.png\" alt=\"\" class=\"wp-image-288682\" style=\"aspect-ratio:0.6190656470053759;width:538px;height:auto\" title=\"\" srcset=\"https:\/\/portalpopmais.com.br\/wp-content\/uploads\/2026\/02\/image-214.png 403w, https:\/\/portalpopmais.com.br\/wp-content\/uploads\/2026\/02\/image-214-7x12.png 7w\" sizes=\"auto, (max-width: 403px) 100vw, 403px\" \/><figcaption class=\"wp-element-caption\">V\u00eddeo mostra briga ap\u00f3s desfile de Virginia &#8211; Foto: Reprodu\u00e7\u00e3o<\/figcaption><\/figure>\n<\/div>\n\n<div class=\"wp-block-image\">\n<figure class=\"aligncenter size-large is-resized\"><img loading=\"lazy\" decoding=\"async\" width=\"581\" height=\"694\" src=\"https:\/\/portalpopmais.com.br\/wp-content\/uploads\/2026\/02\/image-212-581x694.png\" alt=\"\" class=\"wp-image-288680\" style=\"width:548px;height:auto\" title=\"\"><figcaption class=\"wp-element-caption\">V\u00eddeo mostra briga ap\u00f3s desfile de Virginia &#8211; Foto: Reprodu\u00e7\u00e3o<\/figcaption><\/figure>\n<\/div>\n\n\n<h2 class=\"wp-block-heading\">Estreia como rainha de bateria<\/h2>\n\n\n\n<p>Apesar do epis\u00f3dio, a noite marcou a aguardada estreia de Virginia \u00e0 frente da bateria da Grande Rio. A empres\u00e1ria assumiu o posto que foi ocupado por Paolla Oliveira durante sete carnavais consecutivos.<\/p>\n\n\n\n<p>Neste ano, a escola levou para a avenida o enredo \u201cA Na\u00e7\u00e3o do Mangue\u201d, uma homenagem ao movimento cultural Manguebeat, surgido no Recife nos anos 1990.<\/p>\n\n\n\n<p>A apresenta\u00e7\u00e3o era uma das mais esperadas do Grupo Especial e movimentou as redes sociais desde a concentra\u00e7\u00e3o at\u00e9 o fim do desfile. O v\u00eddeo da briga e a rea\u00e7\u00e3o de Virginia rapidamente viralizaram, tornando-se um dos assuntos mais comentados da madrugada p\u00f3s-desfile.<\/p>","protected":false},"excerpt":{"rendered":"<p>Influenciadora presenciou agress\u00f5es na dispers\u00e3o ap\u00f3s estrear como rainha de bateria.<\/p>","protected":false},"author":2,"featured_media":288679,"comment_status":"closed","ping_status":"closed","sticky":false,"template":"","format":"standard","meta":{"footnotes":""},"categories":[173],"tags":[7653],"class_list":["post-288678","post","type-post","status-publish","format-standard","has-post-thumbnail","hentry","category-celebridades","tag-virginia-fonseca"],"_links":{"self":[{"href":"https:\/\/portalpopmais.com.br\/en\/wp-json\/wp\/v2\/posts\/288678","targetHints":{"allow":["GET"]}}],"collection":[{"href":"https:\/\/portalpopmais.com.br\/en\/wp-json\/wp\/v2\/posts"}],"about":[{"href":"https:\/\/portalpopmais.com.br\/en\/wp-json\/wp\/v2\/types\/post"}],"author":[{"embeddable":true,"href":"https:\/\/portalpopmais.com.br\/en\/wp-json\/wp\/v2\/users\/2"}],"replies":[{"embeddable":true,"href":"https:\/\/portalpopmais.com.br\/en\/wp-json\/wp\/v2\/comments?post=288678"}],"version-history":[{"count":0,"href":"https:\/\/portalpopmais.com.br\/en\/wp-json\/wp\/v2\/posts\/288678\/revisions"}],"wp:featuredmedia":[{"embeddable":true,"href":"https:\/\/portalpopmais.com.br\/en\/wp-json\/wp\/v2\/media\/288679"}],"wp:attachment":[{"href":"https:\/\/portalpopmais.com.br\/en\/wp-json\/wp\/v2\/media?parent=288678"}],"wp:term":[{"taxonomy":"category","embeddable":true,"href":"https:\/\/portalpopmais.com.br\/en\/wp-json\/wp\/v2\/categories?post=288678"},{"taxonomy":"post_tag","embeddable":true,"href":"https:\/\/portalpopmais.com.br\/en\/wp-json\/wp\/v2\/tags?post=288678"}],"curies":[{"name":"wp","href":"https:\/\/api.w.org\/{rel}","templated":true}]}}