{"id":288684,"date":"2026-02-18T07:20:15","date_gmt":"2026-02-18T10:20:15","guid":{"rendered":"https:\/\/portalpopmais.com.br\/?p=288684"},"modified":"2026-02-18T07:20:17","modified_gmt":"2026-02-18T10:20:17","slug":"virginia-fonseca-vaiada-sapucai","status":"publish","type":"post","link":"https:\/\/portalpopmais.com.br\/en\/virginia-fonseca-vaiada-sapucai\/","title":{"rendered":"Virginia Fonseca deixa Sapuca\u00ed sob vaias e gritos de \u201cPaolla\u201d ap\u00f3s estreia na Grande Rio; assista"},"content":{"rendered":"<p><strong><a href=\"https:\/\/portalpopmais.com.br\/en\/trends\/virginia-fonseca\/\" type=\"post_tag\" id=\"7653\">Virginia Fonseca<\/a><\/strong> deixou a Marqu\u00eas de Sapuca\u00ed sob vaias e gritos de \u201cPaolla\u201d na madrugada desta quarta-feira (18), ap\u00f3s estrear como rainha de bateria da Acad\u00eamicos do Grande Rio no Carnaval do Rio de Janeiro 2026.<\/p>\n\n\n\n<p>Parte do p\u00fablico reagiu com cr\u00edticas \u00e0 performance da influenciadora, que assumiu neste ano o posto anteriormente ocupado por Paolla Oliveira durante sete carnavais consecutivos.<\/p>\n\n\n<div class=\"wp-block-image\">\n<figure class=\"aligncenter size-full\"><img loading=\"lazy\" decoding=\"async\" width=\"800\" height=\"453\" src=\"https:\/\/portalpopmais.com.br\/wp-content\/uploads\/2026\/02\/image-215.png\" alt=\"\" class=\"wp-image-288686\" title=\"\" srcset=\"https:\/\/portalpopmais.com.br\/wp-content\/uploads\/2026\/02\/image-215.png 800w, https:\/\/portalpopmais.com.br\/wp-content\/uploads\/2026\/02\/image-215-768x435.png 768w, https:\/\/portalpopmais.com.br\/wp-content\/uploads\/2026\/02\/image-215-18x10.png 18w\" sizes=\"auto, (max-width: 800px) 100vw, 800px\" \/><figcaption class=\"wp-element-caption\">Virginia Fonseca se mostrou tensa antes da estreia como Rainha da Bateria da Grande Rio &#8211; Foto: Reprodu\u00e7\u00e3o\/ Twitch<\/figcaption><\/figure>\n<\/div>\n\n\n<p><strong>Veja tamb\u00e9m:<\/strong><\/p>\n\n\n\n<ul class=\"wp-block-list\">\n<li><a href=\"https:\/\/portalpopmais.com.br\/en\/video-virginia-fonseca-assustada-briga-grande-rio-sapucai-2026\/\">V\u00eddeo mostra Virginia Fonseca assustada com briga generalizada ap\u00f3s desfile da Grande Rio na Sapuca\u00ed<\/a><\/li>\n<\/ul>\n\n\n\n<h2 class=\"wp-block-heading\">Sa\u00edda sob escolta e rea\u00e7\u00e3o nas redes<\/h2>\n\n\n\n<p>Mesmo diante das vaias, Virginia deixou o samb\u00f3dromo acompanhada por seguran\u00e7as e amigos, em um carrinho de golfe, sem demonstrar inc\u00f4modo com a rea\u00e7\u00e3o negativa.<\/p>\n\n\n\n<p>Em transmiss\u00e3o ao vivo em seu canal na Twitch, a influenciadora mostrou o retorno ao camarim. Durante o percurso, tamb\u00e9m recebeu apoio de f\u00e3s que pediram fotos, elogiaram o desfile e demonstraram carinho.<\/p>\n\n\n\n<h2 class=\"wp-block-heading\">Paolla Oliveira acompanhou desfile de perto<\/h2>\n\n\n\n<p>Paolla Oliveira, que passou a faixa de rainha de bateria neste ano, desejou boa sorte \u00e0 sucessora antes do desfile. \u201cEspero que os \u00e2nimos estejam calmos e que o nervosismo n\u00e3o tire a divers\u00e3o, que \u00e9 o mais legal\u201d, declarou.<\/p>\n\n\n\n<p>Durante a apresenta\u00e7\u00e3o da Grande Rio, a atriz acompanhou tudo emocionada, pr\u00f3xima \u00e0 grade da avenida.<\/p>\n\n\n\n<blockquote class=\"tiktok-embed\" cite=\"https:\/\/www.tiktok.com\/@sigatricotei\/video\/7608141631828659474\" data-video-id=\"7608141631828659474\" style=\"max-width: 605px;min-width: 325px;\" > <section> <a target=\"_blank\" title=\"@sigatricotei\" href=\"https:\/\/www.tiktok.com\/@sigatricotei?refer=embed\" rel=\"noopener\">@sigatricotei<\/a> Virginia Fonseca foi vaiada por parte do p\u00fablico ap\u00f3s desfilar pela Acad\u00eamicos do Grande Rio na Marqu\u00eas de Sapuca\u00ed. Durante a passagem da escola, espectadores chegaram a gritar o nome de Paolla Oliveira, que ocupou o posto de rainha de bateria nos \u00faltimos carnavais. Virg\u00ednia desfilou hoje como rainha de bateria da Grande Rio, estreando na fun\u00e7\u00e3o ao substituir Paolla Oliveira no Carnaval deste ano. <a title=\"globeleza\" target=\"_blank\" href=\"https:\/\/www.tiktok.com\/tag\/globeleza?refer=embed\" rel=\"noopener\">#Globeleza<\/a> <a target=\"_blank\" title=\"\u266c som original - TRICOTEI\" href=\"https:\/\/www.tiktok.com\/music\/som-original-7608141715563662100?refer=embed\" rel=\"noopener\">\u266c som original &#8211; TRICOTEI<\/a> <\/section> <\/blockquote> <script async src=\"https:\/\/www.tiktok.com\/embed.js\"><\/script>\n\n\n\n<p><\/p>","protected":false},"excerpt":{"rendered":"<p>Influenciadora recebeu cr\u00edticas do p\u00fablico ap\u00f3s estrear como rainha de bateria da Grande Rio.<\/p>","protected":false},"author":1,"featured_media":288685,"comment_status":"closed","ping_status":"closed","sticky":false,"template":"","format":"standard","meta":{"footnotes":""},"categories":[173],"tags":[7653],"class_list":["post-288684","post","type-post","status-publish","format-standard","has-post-thumbnail","hentry","category-celebridades","tag-virginia-fonseca"],"_links":{"self":[{"href":"https:\/\/portalpopmais.com.br\/en\/wp-json\/wp\/v2\/posts\/288684","targetHints":{"allow":["GET"]}}],"collection":[{"href":"https:\/\/portalpopmais.com.br\/en\/wp-json\/wp\/v2\/posts"}],"about":[{"href":"https:\/\/portalpopmais.com.br\/en\/wp-json\/wp\/v2\/types\/post"}],"author":[{"embeddable":true,"href":"https:\/\/portalpopmais.com.br\/en\/wp-json\/wp\/v2\/users\/1"}],"replies":[{"embeddable":true,"href":"https:\/\/portalpopmais.com.br\/en\/wp-json\/wp\/v2\/comments?post=288684"}],"version-history":[{"count":0,"href":"https:\/\/portalpopmais.com.br\/en\/wp-json\/wp\/v2\/posts\/288684\/revisions"}],"wp:featuredmedia":[{"embeddable":true,"href":"https:\/\/portalpopmais.com.br\/en\/wp-json\/wp\/v2\/media\/288685"}],"wp:attachment":[{"href":"https:\/\/portalpopmais.com.br\/en\/wp-json\/wp\/v2\/media?parent=288684"}],"wp:term":[{"taxonomy":"category","embeddable":true,"href":"https:\/\/portalpopmais.com.br\/en\/wp-json\/wp\/v2\/categories?post=288684"},{"taxonomy":"post_tag","embeddable":true,"href":"https:\/\/portalpopmais.com.br\/en\/wp-json\/wp\/v2\/tags?post=288684"}],"curies":[{"name":"wp","href":"https:\/\/api.w.org\/{rel}","templated":true}]}}