{"id":289398,"date":"2026-02-20T08:53:54","date_gmt":"2026-02-20T11:53:54","guid":{"rendered":"https:\/\/portalpopmais.com.br\/?p=289398"},"modified":"2026-02-20T08:53:56","modified_gmt":"2026-02-20T11:53:56","slug":"esposa-eduardo-costa-nao-permite-trabalhar-fora","status":"publish","type":"post","link":"https:\/\/portalpopmais.com.br\/en\/esposa-eduardo-costa-nao-permite-trabalhar-fora\/","title":{"rendered":"Esposa de Eduardo Costa revela que cantor n\u00e3o aceita que ela trabalhe fora de casa"},"content":{"rendered":"<p class=\"wp-block-paragraph\"><strong><a href=\"https:\/\/portalpopmais.com.br\/en\/?s=eduardo+costa\">Eduardo Costa<\/a><\/strong> voltou a ser assunto nas redes sociais ap\u00f3s a esposa, Mariana Polastreli, afirmar que o sertanejo n\u00e3o aceita que ela trabalhe fora de casa. A declara\u00e7\u00e3o foi feita na quinta-feira (19), por meio do Instagram da empres\u00e1ria.<\/p>\n\n\n\n<p class=\"wp-block-paragraph\">Mariana contou que precisou se reinventar profissionalmente para que o relacionamento desse certo.<\/p>\n\n\n<div class=\"wp-block-image\">\n<figure class=\"aligncenter\"><img loading=\"lazy\" decoding=\"async\" width=\"1000\" height=\"694\" src=\"https:\/\/portalpopmais.com.br\/wp-content\/uploads\/2026\/02\/image-258-1000x694.png\" alt=\"\" class=\"wp-image-289401\" title=\"\" srcset=\"https:\/\/portalpopmais.com.br\/wp-content\/uploads\/2026\/02\/image-258-1000x694.png 1000w, https:\/\/portalpopmais.com.br\/wp-content\/uploads\/2026\/02\/image-258-18x12.png 18w\" sizes=\"auto, (max-width: 1000px) 100vw, 1000px\" \/><figcaption class=\"wp-element-caption\">Mariana Polastreli \u00e9 casada com Eduardo Costa \u2014 Foto: Reprodu\u00e7\u00e3o | Instagram<\/figcaption><\/figure>\n<\/div>\n\n\n<p class=\"wp-block-paragraph\"><strong>Verja tamb\u00e9m:<\/strong><\/p>\n\n\n\n<ul class=\"wp-block-list\">\n<li><a href=\"https:\/\/portalpopmais.com.br\/en\/eduardo-costa-pena-minas-gerais\/\">Eduardo Costa obt\u00e9m autoriza\u00e7\u00e3o para cumprir pena em Minas Gerais ap\u00f3s decis\u00e3o da Justi\u00e7a<\/a><\/li>\n\n\n\n<li><a href=\"https:\/\/portalpopmais.com.br\/en\/eduardo-costa-surge-careca\/\">Eduardo Costa assusta a web ao surgir careca: \u201cBomba demais\u201d<\/a><\/li>\n<\/ul>\n\n\n\n<h2 class=\"wp-block-heading\">\u201cOu voc\u00ea sai, ou eu saio\u201d, diz Mariana<\/h2>\n\n\n\n<p class=\"wp-block-paragraph\">Segundo ela, antes do casamento, mantinha duas lojas f\u00edsicas por 11 anos, cuidando de toda a gest\u00e3o, compras, viagens e at\u00e9 modelando para o pr\u00f3prio neg\u00f3cio. A rotina mudou ap\u00f3s uma conversa com o cantor.<\/p>\n\n\n\n<p class=\"wp-block-paragraph\">\u201cEle disse: \u2018A gente n\u00e3o vai dar certo se voc\u00ea continuar nessa vida. Eu n\u00e3o quero uma mulher nessa correria\u2019\u201d, relatou.<\/p>\n\n\n\n<p class=\"wp-block-paragraph\">Mariana afirmou que, ao ouvir isso, ficou abalada, mas decidiu adaptar a situa\u00e7\u00e3o \u00e0 pr\u00f3pria realidade. Ela passou a trabalhar de casa, delegando fun\u00e7\u00f5es e investindo em novos neg\u00f3cios.<\/p>\n\n\n\n<p class=\"wp-block-paragraph\">\u201cMeu marido n\u00e3o aceitaria um trabalho fora. Por exemplo, pegar uma campanha, viajar\u2026 Ele fala: \u2018Ou voc\u00ea sai, ou eu saio, e eu tenho que sair para trabalhar, ent\u00e3o voc\u00ea tem que ficar em casa\u2019\u201d, revelou.<\/p>\n\n\n\n<h2 class=\"wp-block-heading\">Independ\u00eancia financeira e empresas em conjunto<\/h2>\n\n\n\n<p class=\"wp-block-paragraph\">Apesar das exig\u00eancias, Mariana destacou que n\u00e3o depende financeiramente do marido. Segundo ela, Eduardo n\u00e3o se ofereceu para pagar suas contas \u2014 e ela tamb\u00e9m n\u00e3o aceitaria.<\/p>\n\n\n\n<p class=\"wp-block-paragraph\">\u201cGra\u00e7as a Deus hoje tenho meu dinheiro, independente dele\u201d, afirmou.<\/p>\n\n\n\n<p class=\"wp-block-paragraph\">Atualmente, o casal mant\u00e9m empresas juntos, e ela participa at\u00e9 das decis\u00f5es relacionadas \u00e0 agenda de shows do cantor.<\/p>\n\n\n\n<h2 class=\"wp-block-heading\">\u201cNos servimos mutuamente\u201d, diz empres\u00e1ria<\/h2>\n\n\n\n<p class=\"wp-block-paragraph\">Mariana ainda explicou que enxerga o casamento como uma parceria, embora reconhe\u00e7a que houve mudan\u00e7as significativas em sua rotina.<\/p>\n\n\n\n<p class=\"wp-block-paragraph\">\u201cMeu marido me serve assim como eu o sirvo, ent\u00e3o n\u00f3s nos completamos\u201d, declarou.<\/p>\n\n\n\n<p class=\"wp-block-paragraph\">Ela tamb\u00e9m afirmou que conta com seis funcion\u00e1rias em casa e outros prestadores de servi\u00e7o, al\u00e9m de dividir as responsabilidades como m\u00e3e e esposa.<\/p>\n\n\n\n<p class=\"wp-block-paragraph\">As declara\u00e7\u00f5es repercutiram nas redes sociais e geraram debates sobre independ\u00eancia feminina, casamento e divis\u00e3o de pap\u00e9is dentro do relacionamento.<\/p>","protected":false},"excerpt":{"rendered":"<p>Mariana Polastreli diz que cantor n\u00e3o aceita que ela tenha trabalho fora de casa.<\/p>","protected":false},"author":2,"featured_media":289399,"comment_status":"closed","ping_status":"closed","sticky":false,"template":"","format":"standard","meta":{"footnotes":""},"categories":[173],"tags":[790],"class_list":["post-289398","post","type-post","status-publish","format-standard","has-post-thumbnail","hentry","category-celebridades","tag-eduardo-costa"],"_links":{"self":[{"href":"https:\/\/portalpopmais.com.br\/en\/wp-json\/wp\/v2\/posts\/289398","targetHints":{"allow":["GET"]}}],"collection":[{"href":"https:\/\/portalpopmais.com.br\/en\/wp-json\/wp\/v2\/posts"}],"about":[{"href":"https:\/\/portalpopmais.com.br\/en\/wp-json\/wp\/v2\/types\/post"}],"author":[{"embeddable":true,"href":"https:\/\/portalpopmais.com.br\/en\/wp-json\/wp\/v2\/users\/2"}],"replies":[{"embeddable":true,"href":"https:\/\/portalpopmais.com.br\/en\/wp-json\/wp\/v2\/comments?post=289398"}],"version-history":[{"count":0,"href":"https:\/\/portalpopmais.com.br\/en\/wp-json\/wp\/v2\/posts\/289398\/revisions"}],"wp:featuredmedia":[{"embeddable":true,"href":"https:\/\/portalpopmais.com.br\/en\/wp-json\/wp\/v2\/media\/289399"}],"wp:attachment":[{"href":"https:\/\/portalpopmais.com.br\/en\/wp-json\/wp\/v2\/media?parent=289398"}],"wp:term":[{"taxonomy":"category","embeddable":true,"href":"https:\/\/portalpopmais.com.br\/en\/wp-json\/wp\/v2\/categories?post=289398"},{"taxonomy":"post_tag","embeddable":true,"href":"https:\/\/portalpopmais.com.br\/en\/wp-json\/wp\/v2\/tags?post=289398"}],"curies":[{"name":"wp","href":"https:\/\/api.w.org\/{rel}","templated":true}]}}