{"id":289446,"date":"2026-02-20T13:55:41","date_gmt":"2026-02-20T16:55:41","guid":{"rendered":"https:\/\/portalpopmais.com.br\/?p=289446"},"modified":"2026-02-20T13:55:43","modified_gmt":"2026-02-20T16:55:43","slug":"juliana-garcia-reconstrucao-facial-61-socos","status":"publish","type":"post","link":"https:\/\/portalpopmais.com.br\/en\/juliana-garcia-reconstrucao-facial-61-socos\/","title":{"rendered":"Influenciadora agredida com 61 socos no elevador passa por reconstru\u00e7\u00e3o facial e mostra resultado"},"content":{"rendered":"<p>Juliana Garcia dos Santos reapareceu nas redes sociais ap\u00f3s passar por cirurgia de reconstru\u00e7\u00e3o facial. A influenciadora foi brutalmente <a href=\"https:\/\/portalpopmais.com.br\/en\/homem-que-deu-60-socos-em-namorada-e-indiciado-por-tentativa-de-feminicidio\/\">agredida com 61 socos pelo ex-namorado<\/a> dentro de um elevador em Natal (RN) e sofreu m\u00faltiplas fraturas no rosto.<\/p>\n\n\n\n<p>O procedimento foi realizado no Hospital Universit\u00e1rio Onofre Lopes (HUOL), no Rio Grande do Norte, por uma equipe especializada em cirurgia buco-maxilo-facial, envolvendo cirurgi\u00f5es-dentistas, anestesistas e profissionais de enfermagem.<\/p>\n\n\n\n<h2 class=\"wp-block-heading\">Cirurgia para reconstru\u00e7\u00e3o do rosto<\/h2>\n\n\n\n<p>Devido \u00e0s agress\u00f5es, Juliana precisou passar por uma cirurgia de osteoss\u00edntese, t\u00e9cnica utilizada para fixa\u00e7\u00e3o de fraturas \u00f3sseas com placas e parafusos. Segundo informa\u00e7\u00f5es divulgadas, ela apresentava diversas fraturas na face e ficou com o rosto desfigurado ap\u00f3s o ataque.<\/p>\n\n\n\n<p>Nas redes sociais, a influenciadora compartilhou o resultado da reconstru\u00e7\u00e3o e recebeu mensagens de apoio de seguidores.<\/p>\n\n\n\n<figure class=\"wp-block-image size-full\"><img loading=\"lazy\" decoding=\"async\" width=\"952\" height=\"1046\" src=\"https:\/\/portalpopmais.com.br\/wp-content\/uploads\/2026\/02\/image-266.png\" alt=\"\" class=\"wp-image-289448\" title=\"\" srcset=\"https:\/\/portalpopmais.com.br\/wp-content\/uploads\/2026\/02\/image-266.png 952w, https:\/\/portalpopmais.com.br\/wp-content\/uploads\/2026\/02\/image-266-768x844.png 768w, https:\/\/portalpopmais.com.br\/wp-content\/uploads\/2026\/02\/image-266-11x12.png 11w\" sizes=\"auto, (max-width: 952px) 100vw, 952px\" \/><figcaption class=\"wp-element-caption\">Foto: Reprodu\u00e7\u00e3o<\/figcaption><\/figure>\n\n\n\n<h2 class=\"wp-block-heading\">Crime foi registrado por c\u00e2meras<\/h2>\n\n\n\n<p>O caso ocorreu em um condom\u00ednio no bairro de Ponta Negra, em Natal (RN), e foi registrado por c\u00e2meras de seguran\u00e7a do elevador. As imagens mostram o momento em que o agressor desfere dezenas de socos contra a v\u00edtima.<\/p>\n\n\n\n<p>O ex-namorado, Igor Eduardo Pereira Cabral, foi preso e o caso \u00e9 tratado pela pol\u00edcia como tentativa de feminic\u00eddio.<\/p>\n\n\n\n<p>Segundo Juliana, o ataque teria sido motivado por ci\u00fames. J\u00e1 o suspeito alegou ter sofrido uma crise de claustrofobia no momento da agress\u00e3o \u2014 vers\u00e3o que \u00e9 investigada pelas autoridades.<\/p>\n\n\n\n<h2 class=\"wp-block-heading\">Repercuss\u00e3o e alerta<\/h2>\n\n\n\n<p>O caso gerou forte repercuss\u00e3o nacional e reacendeu debates sobre viol\u00eancia contra a mulher. A reconstru\u00e7\u00e3o facial marca uma nova etapa na recupera\u00e7\u00e3o f\u00edsica e emocional da influenciadora.<\/p>","protected":false},"excerpt":{"rendered":"<p>V\u00edtima de agress\u00e3o em elevador mostra resultado de cirurgia ap\u00f3s sofrer m\u00faltiplas fraturas no rosto.<\/p>","protected":false},"author":2,"featured_media":289447,"comment_status":"closed","ping_status":"closed","sticky":false,"template":"","format":"standard","meta":{"footnotes":""},"categories":[2293],"tags":[20573],"class_list":["post-289446","post","type-post","status-publish","format-standard","has-post-thumbnail","hentry","category-internet","tag-juliana-garcia"],"_links":{"self":[{"href":"https:\/\/portalpopmais.com.br\/en\/wp-json\/wp\/v2\/posts\/289446","targetHints":{"allow":["GET"]}}],"collection":[{"href":"https:\/\/portalpopmais.com.br\/en\/wp-json\/wp\/v2\/posts"}],"about":[{"href":"https:\/\/portalpopmais.com.br\/en\/wp-json\/wp\/v2\/types\/post"}],"author":[{"embeddable":true,"href":"https:\/\/portalpopmais.com.br\/en\/wp-json\/wp\/v2\/users\/2"}],"replies":[{"embeddable":true,"href":"https:\/\/portalpopmais.com.br\/en\/wp-json\/wp\/v2\/comments?post=289446"}],"version-history":[{"count":0,"href":"https:\/\/portalpopmais.com.br\/en\/wp-json\/wp\/v2\/posts\/289446\/revisions"}],"wp:featuredmedia":[{"embeddable":true,"href":"https:\/\/portalpopmais.com.br\/en\/wp-json\/wp\/v2\/media\/289447"}],"wp:attachment":[{"href":"https:\/\/portalpopmais.com.br\/en\/wp-json\/wp\/v2\/media?parent=289446"}],"wp:term":[{"taxonomy":"category","embeddable":true,"href":"https:\/\/portalpopmais.com.br\/en\/wp-json\/wp\/v2\/categories?post=289446"},{"taxonomy":"post_tag","embeddable":true,"href":"https:\/\/portalpopmais.com.br\/en\/wp-json\/wp\/v2\/tags?post=289446"}],"curies":[{"name":"wp","href":"https:\/\/api.w.org\/{rel}","templated":true}]}}