{"id":289522,"date":"2026-02-21T08:14:31","date_gmt":"2026-02-21T11:14:31","guid":{"rendered":"https:\/\/portalpopmais.com.br\/?p=289522"},"modified":"2026-02-21T08:14:33","modified_gmt":"2026-02-21T11:14:33","slug":"bad-bunny-show-estreia-brasil","status":"publish","type":"post","link":"https:\/\/portalpopmais.com.br\/en\/bad-bunny-show-estreia-brasil\/","title":{"rendered":"Bad Bunny estreia no Brasil com show hist\u00f3rico em S\u00e3o Paulo, fala em portugu\u00eas e veste camisa 10"},"content":{"rendered":"<p><strong><a href=\"https:\/\/portalpopmais.com.br\/en\/trends\/bad-bunny\/\" type=\"post_tag\" id=\"2579\">Bad Bunny<\/a><\/strong> fez sua aguardada estreia no Brasil na noite de sexta-feira (20), em S\u00e3o Paulo, e transformou o est\u00e1dio em uma grande celebra\u00e7\u00e3o latina. Emocionado, o artista abriu o show falando em portugu\u00eas.<\/p>\n\n\n\n<p>\u201cEstou muito feliz de finalmente realizar meu sonho de visitar o Brasil. Obrigado por isso\u201d, disse Benito Antonio Mart\u00ednez Ocasio, visivelmente comovido, antes mesmo da primeira m\u00fasica.<\/p>\n\n\n<div class=\"wp-block-image\">\n<figure class=\"aligncenter size-full\"><img loading=\"lazy\" decoding=\"async\" width=\"510\" height=\"680\" src=\"https:\/\/portalpopmais.com.br\/wp-content\/uploads\/2026\/02\/image-267.png\" alt=\"\" class=\"wp-image-289523\" title=\"\" srcset=\"https:\/\/portalpopmais.com.br\/wp-content\/uploads\/2026\/02\/image-267.png 510w, https:\/\/portalpopmais.com.br\/wp-content\/uploads\/2026\/02\/image-267-9x12.png 9w\" sizes=\"auto, (max-width: 510px) 100vw, 510px\" \/><figcaption class=\"wp-element-caption\">Bad Buny faz show em S\u00e3o Paulo &#8211; Foto: Reprodu\u00e7\u00e3o\/ X<\/figcaption><\/figure>\n<\/div>\n\n\n<p>O impacto de ver o est\u00e1dio lotado, com f\u00e3s gritando seu nome, marcou o in\u00edcio de uma apresenta\u00e7\u00e3o que alternou momentos \u00edntimos e explos\u00f5es de festa.<\/p>\n\n\n\n<h2 class=\"wp-block-heading\">Turn\u00ea de \u201cDeb\u00ed Tirar M\u00e1s Fotos\u201d desembarca no Brasil<\/h2>\n\n\n\n<p>O cantor trouxe ao pa\u00eds a estrutura completa da turn\u00ea baseada no \u00e1lbum Deb\u00ed Tirar M\u00e1s Fotos (DtMF), um dos maiores sucessos de sua carreira.<\/p>\n\n\n\n<p>Logo no in\u00edcio, um v\u00eddeo com jovens brasileiros anunciando sua chegada \u2014 adaptado especialmente para o p\u00fablico local \u2014 preparou o clima para sua entrada triunfal no palco.<\/p>\n\n\n\n<p>\u201cEu n\u00e3o sabia o que esperar. N\u00e3o sabia que teria tanta gente linda\u201d, afirmou o artista durante o primeiro ato.<\/p>\n\n\n\n<h2 class=\"wp-block-heading\">Festa latina, salsa e homenagem ao Brasil<\/h2>\n\n\n\n<p>O show percorreu todos os setores do est\u00e1dio, incluindo a \u00e1rea especial \u201cLos Vecinos\u201d e a \u201cCasita\u201d, estrutura montada no fundo da pista onde parte da apresenta\u00e7\u00e3o aconteceu em clima de festa de bairro.<\/p>\n\n\n\n<p>Em <em>Baile Inolvidable<\/em>, m\u00fasicos ao vivo transformaram o espa\u00e7o em um sal\u00e3o de salsa improvisado. J\u00e1 em <em>Voy a Llevarte a PR<\/em>, o cantor escolheu um f\u00e3 brasileiro para puxar o verso inicial, arrancando uma rea\u00e7\u00e3o explosiva da plateia.<\/p>\n\n\n\n<p>Bad Bunny tamb\u00e9m vestiu a ic\u00f4nica camisa 10 da sele\u00e7\u00e3o brasileira e refor\u00e7ou a conex\u00e3o latino-americana:<\/p>\n\n\n\n<p>\u201cEsse show \u00e9 a uni\u00e3o do Brasil com Porto Rico e com a Am\u00e9rica Latina.\u201d<\/p>\n\n\n\n<p>Durante a noite, a banda ainda executou <em>Mas, Que Nada<\/em>, de Jorge Ben Jor, enquanto o artista retornava ao palco principal.<\/p>\n\n\n\n<p>\u201cS\u00f3 por hoje, n\u00f3s somos brasileiros e voc\u00eas s\u00e3o porto-riquenhos\u201d, brincou.<\/p>\n\n\n\n<h2 class=\"wp-block-heading\">Perreo, Grammy e apoteose final<\/h2>\n\n\n\n<p>A apresenta\u00e7\u00e3o reuniu hits antigos e faixas recentes, incluindo o momento mais aguardado da noite com <em>DtMF<\/em>, quando o est\u00e1dio inteiro pulou ao som do artista \u2014 com menos celulares erguidos, ap\u00f3s pedido do pr\u00f3prio Benito para que o p\u00fablico vivesse o momento.<\/p>\n\n\n\n<p>A despedida foi marcada pelo perreo intenso de <em>EoO<\/em>, encerrando a noite em clima de celebra\u00e7\u00e3o m\u00e1xima.<\/p>\n\n\n\n<p><\/p>\n\n\n\n<figure class=\"wp-block-embed is-type-rich is-provider-twitter wp-block-embed-twitter\"><div class=\"wp-block-embed__wrapper\">\n<blockquote class=\"twitter-tweet\" data-width=\"550\" data-dnt=\"true\"><p lang=\"pt\" dir=\"ltr\">\ud83d\udea8 AGORA: Bad Bunny ao vivo em S\u00e3o Paulo! \ud83c\udde7\ud83c\uddf7\ud83c\uddf5\ud83c\uddf7<a href=\"https:\/\/t.co\/5CvVfO37fJ\">pic.twitter.com\/5CvVfO37fJ<\/a><\/p>&mdash; POP Mais (@sitepopmais) <a href=\"https:\/\/twitter.com\/sitepopmais\/status\/2024997385374429371?ref_src=twsrc%5Etfw\" target=\"_blank\" rel=\"noopener\">February 20, 2026<\/a><\/blockquote><script async src=\"https:\/\/platform.twitter.com\/widgets.js\" charset=\"utf-8\"><\/script>\n<\/div><\/figure>\n\n\n\n<figure class=\"wp-block-embed is-type-rich is-provider-twitter wp-block-embed-twitter\"><div class=\"wp-block-embed__wrapper\">\n<blockquote class=\"twitter-tweet\" data-width=\"550\" data-dnt=\"true\"><p lang=\"pt\" dir=\"ltr\">.<a href=\"https:\/\/twitter.com\/sanbenito?ref_src=twsrc%5Etfw\" target=\"_blank\" rel=\"noopener\">@sanbenito<\/a> n\u00e3o v\u00e1 embora do Brasil por favor <a href=\"https:\/\/t.co\/sioJE3vcPB\">pic.twitter.com\/sioJE3vcPB<\/a><\/p>&mdash; UpdateCharts (@updatecharts) <a href=\"https:\/\/twitter.com\/updatecharts\/status\/2025047890864058548?ref_src=twsrc%5Etfw\" target=\"_blank\" rel=\"noopener\">February 21, 2026<\/a><\/blockquote><script async src=\"https:\/\/platform.twitter.com\/widgets.js\" charset=\"utf-8\"><\/script>\n<\/div><\/figure>\n\n\n\n<figure class=\"wp-block-embed is-type-rich is-provider-twitter wp-block-embed-twitter\"><div class=\"wp-block-embed__wrapper\">\n<blockquote class=\"twitter-tweet\" data-width=\"550\" data-dnt=\"true\"><p lang=\"pt\" dir=\"ltr\">as fotos no tel\u00e3o enquanto toca \u201cDtMF\u201d \ud83d\ude2d <a href=\"https:\/\/t.co\/qkiQNn6vUn\">pic.twitter.com\/qkiQNn6vUn<\/a><\/p>&mdash; UpdateCharts (@updatecharts) <a href=\"https:\/\/twitter.com\/updatecharts\/status\/2025027801666007508?ref_src=twsrc%5Etfw\" target=\"_blank\" rel=\"noopener\">February 21, 2026<\/a><\/blockquote><script async src=\"https:\/\/platform.twitter.com\/widgets.js\" charset=\"utf-8\"><\/script>\n<\/div><\/figure>\n\n\n\n<figure class=\"wp-block-embed is-type-rich is-provider-twitter wp-block-embed-twitter\"><div class=\"wp-block-embed__wrapper\">\n<blockquote class=\"twitter-tweet\" data-width=\"550\" data-dnt=\"true\"><p lang=\"pt\" dir=\"ltr\">Bad Bunny falando em portugu\u00eas durante seu show em S\u00e3o Paulo \ud83d\ude2d\ud83c\udde7\ud83c\uddf7<br><br>&quot;Estou muito feliz! Finalmente realizei o sonho de visitar o Brasil. Obrigado por isso&quot; <a href=\"https:\/\/t.co\/vHUzZa6EKv\">pic.twitter.com\/vHUzZa6EKv<\/a><\/p>&mdash; Tracklist (@tracklist) <a href=\"https:\/\/twitter.com\/tracklist\/status\/2025000786803982375?ref_src=twsrc%5Etfw\" target=\"_blank\" rel=\"noopener\">February 21, 2026<\/a><\/blockquote><script async src=\"https:\/\/platform.twitter.com\/widgets.js\" charset=\"utf-8\"><\/script>\n<\/div><\/figure>","protected":false},"excerpt":{"rendered":"<p>Cantor fala em portugu\u00eas, veste camisa 10 e transforma est\u00e1dio em festa latina hist\u00f3rica.<\/p>","protected":false},"author":2,"featured_media":289524,"comment_status":"closed","ping_status":"closed","sticky":false,"template":"","format":"standard","meta":{"footnotes":""},"categories":[154],"tags":[2579,18550],"class_list":["post-289522","post","type-post","status-publish","format-standard","has-post-thumbnail","hentry","category-musica","tag-bad-bunny","tag-destaque"],"_links":{"self":[{"href":"https:\/\/portalpopmais.com.br\/en\/wp-json\/wp\/v2\/posts\/289522","targetHints":{"allow":["GET"]}}],"collection":[{"href":"https:\/\/portalpopmais.com.br\/en\/wp-json\/wp\/v2\/posts"}],"about":[{"href":"https:\/\/portalpopmais.com.br\/en\/wp-json\/wp\/v2\/types\/post"}],"author":[{"embeddable":true,"href":"https:\/\/portalpopmais.com.br\/en\/wp-json\/wp\/v2\/users\/2"}],"replies":[{"embeddable":true,"href":"https:\/\/portalpopmais.com.br\/en\/wp-json\/wp\/v2\/comments?post=289522"}],"version-history":[{"count":0,"href":"https:\/\/portalpopmais.com.br\/en\/wp-json\/wp\/v2\/posts\/289522\/revisions"}],"wp:featuredmedia":[{"embeddable":true,"href":"https:\/\/portalpopmais.com.br\/en\/wp-json\/wp\/v2\/media\/289524"}],"wp:attachment":[{"href":"https:\/\/portalpopmais.com.br\/en\/wp-json\/wp\/v2\/media?parent=289522"}],"wp:term":[{"taxonomy":"category","embeddable":true,"href":"https:\/\/portalpopmais.com.br\/en\/wp-json\/wp\/v2\/categories?post=289522"},{"taxonomy":"post_tag","embeddable":true,"href":"https:\/\/portalpopmais.com.br\/en\/wp-json\/wp\/v2\/tags?post=289522"}],"curies":[{"name":"wp","href":"https:\/\/api.w.org\/{rel}","templated":true}]}}