{"id":289650,"date":"2026-02-22T08:38:37","date_gmt":"2026-02-22T11:38:37","guid":{"rendered":"https:\/\/portalpopmais.com.br\/?p=289650"},"modified":"2026-02-22T08:40:45","modified_gmt":"2026-02-22T11:40:45","slug":"ze-felipe-opina-estreia-virginia-sapucai","status":"publish","type":"post","link":"https:\/\/portalpopmais.com.br\/en\/ze-felipe-opina-estreia-virginia-sapucai\/","title":{"rendered":"Z\u00e9 Felipe sobre estreia de Virginia na Sapuca\u00ed: \u201cTem que ter coragem\u201d"},"content":{"rendered":"<p><strong><a href=\"https:\/\/portalpopmais.com.br\/en\/trends\/ze-felipe\/\" type=\"post_tag\" id=\"2404\">Z\u00e9 Felipe<\/a><\/strong> falou pela primeira vez sobre a estreia da ex-esposa, Virginia Fonseca, como rainha de bateria da Acad\u00eamicos do Grande Rio na Marqu\u00eas de Sapuca\u00ed. A influenciadora desfilou na madrugada da \u00faltima quarta-feira (18) e foi um dos nomes mais comentados do Carnaval.<\/p>\n\n\n\n<p>Em entrevista \u00e0 revista Quem, o cantor revelou que n\u00e3o conseguiu assistir ao desfile ao vivo por causa da agenda intensa de shows, mas fez quest\u00e3o de demonstrar apoio.<\/p>\n\n\n<div class=\"wp-block-image\">\n<figure class=\"aligncenter size-large\"><img loading=\"lazy\" decoding=\"async\" width=\"1170\" height=\"674\" src=\"https:\/\/portalpopmais.com.br\/wp-content\/uploads\/2026\/01\/virginia-comenta-apelido-dado-ze-felipe-1170x674.png\" alt=\"Virginia Fonseca comenta apelido dado por Z\u00e9 Felipe e fala sobre rela\u00e7\u00e3o com o ex-marido\" class=\"wp-image-283044\" title=\"\" srcset=\"https:\/\/portalpopmais.com.br\/wp-content\/uploads\/2026\/01\/virginia-comenta-apelido-dado-ze-felipe-1170x674.png 1170w, https:\/\/portalpopmais.com.br\/wp-content\/uploads\/2026\/01\/virginia-comenta-apelido-dado-ze-felipe-18x10.png 18w\" sizes=\"auto, (max-width: 1170px) 100vw, 1170px\" \/><figcaption class=\"wp-element-caption\">Z\u00e9 Felipe e Virginia &#8211; Foto: Reprodu\u00e7\u00e3o<\/figcaption><\/figure>\n<\/div>\n\n\n<p><strong>Veja tamb\u00e9m:<\/strong><\/p>\n\n\n\n<ul class=\"wp-block-list\">\n<li><a href=\"https:\/\/portalpopmais.com.br\/en\/todo-ser-humano-tem-suas-dores-diz-poliana-rocha-ao-defender-ze-felipe-nas-redes\/\">\u201cTodo ser humano tem suas dores\u201d, diz Poliana Rocha ao defender Z\u00e9 Felipe nas redes<\/a><\/li>\n\n\n\n<li><a href=\"https:\/\/portalpopmais.com.br\/en\/ze-felipe-posta-fotos-chorando-e-desabafa-sobre-saudade\/\">Z\u00e9 Felipe posta fotos chorando e desabafa sobre saudade<\/a><\/li>\n<\/ul>\n\n\n\n<h2 class=\"wp-block-heading\">\u201cFiquei na torcida\u201d<\/h2>\n\n\n\n<p>\u201cN\u00e3o assisti porque n\u00e3o deu tempo, eu estava fazendo tr\u00eas shows todos os dias. Mas mandei mensagem para ela, fiquei na torcida\u201d, contou.<\/p>\n\n\n\n<p>Z\u00e9 Felipe ainda elogiou a coragem da influenciadora ao assumir o posto de destaque na bateria.<\/p>\n\n\n\n<p>\u201cVirg\u00ednia \u00e9 muito especial, foi incr\u00edvel. E acredito que voc\u00ea topar um desafio do tamanho desse, a pessoa tem que ter muita coragem. Ela \u00e9 uma mulher de coragem.\u201d<\/p>\n\n\n\n<h2 class=\"wp-block-heading\">Sobre as cr\u00edticas e vaias<\/h2>\n\n\n\n<p>Desde que foi anunciada como rainha de bateria, Virginia enfrentou cr\u00edticas nas redes sociais e chegou a ser vaiada ao entrar na Sapuca\u00ed.<\/p>\n\n\n\n<p>Sobre o assunto, Z\u00e9 Felipe foi direto:<\/p>\n\n\n\n<p>\u201cTem gente que vai gostar de voc\u00ea, tem gente que n\u00e3o. E a gente n\u00e3o pode parar nossa vida por conta de quem n\u00e3o vai gostar, ent\u00e3o \u00e9 ir pra cima.\u201d<\/p>\n\n\n\n<h2 class=\"wp-block-heading\">Presen\u00e7a no Desfile das Campe\u00e3s<\/h2>\n\n\n\n<p>Assim como Virginia, o cantor tamb\u00e9m marcou presen\u00e7a na Sapuca\u00ed no s\u00e1bado (21), durante o Desfile das Campe\u00e3s. Apesar disso, os dois n\u00e3o estiveram no mesmo camarote.<\/p>\n\n\n\n<p><\/p>","protected":false},"excerpt":{"rendered":"<p>Cantor elogia coragem da ex-esposa e comenta cr\u00edticas ap\u00f3s desfile na Grande Rio.<\/p>","protected":false},"author":2,"featured_media":289651,"comment_status":"closed","ping_status":"closed","sticky":false,"template":"","format":"standard","meta":{"footnotes":""},"categories":[173],"tags":[18550,7653,2404],"class_list":["post-289650","post","type-post","status-publish","format-standard","has-post-thumbnail","hentry","category-celebridades","tag-destaque","tag-virginia-fonseca","tag-ze-felipe"],"_links":{"self":[{"href":"https:\/\/portalpopmais.com.br\/en\/wp-json\/wp\/v2\/posts\/289650","targetHints":{"allow":["GET"]}}],"collection":[{"href":"https:\/\/portalpopmais.com.br\/en\/wp-json\/wp\/v2\/posts"}],"about":[{"href":"https:\/\/portalpopmais.com.br\/en\/wp-json\/wp\/v2\/types\/post"}],"author":[{"embeddable":true,"href":"https:\/\/portalpopmais.com.br\/en\/wp-json\/wp\/v2\/users\/2"}],"replies":[{"embeddable":true,"href":"https:\/\/portalpopmais.com.br\/en\/wp-json\/wp\/v2\/comments?post=289650"}],"version-history":[{"count":0,"href":"https:\/\/portalpopmais.com.br\/en\/wp-json\/wp\/v2\/posts\/289650\/revisions"}],"wp:featuredmedia":[{"embeddable":true,"href":"https:\/\/portalpopmais.com.br\/en\/wp-json\/wp\/v2\/media\/289651"}],"wp:attachment":[{"href":"https:\/\/portalpopmais.com.br\/en\/wp-json\/wp\/v2\/media?parent=289650"}],"wp:term":[{"taxonomy":"category","embeddable":true,"href":"https:\/\/portalpopmais.com.br\/en\/wp-json\/wp\/v2\/categories?post=289650"},{"taxonomy":"post_tag","embeddable":true,"href":"https:\/\/portalpopmais.com.br\/en\/wp-json\/wp\/v2\/tags?post=289650"}],"curies":[{"name":"wp","href":"https:\/\/api.w.org\/{rel}","templated":true}]}}