{"id":289824,"date":"2026-02-23T13:30:54","date_gmt":"2026-02-23T16:30:54","guid":{"rendered":"https:\/\/portalpopmais.com.br\/?p=289824"},"modified":"2026-02-23T13:30:57","modified_gmt":"2026-02-23T16:30:57","slug":"mc-livinho-pausa-carreira","status":"publish","type":"post","link":"https:\/\/portalpopmais.com.br\/en\/mc-livinho-pausa-carreira\/","title":{"rendered":"MC Livinho anuncia pausa na carreira por tempo indeterminado e explica motivos"},"content":{"rendered":"<p>O cantor <strong>MC Livinho<\/strong> surpreendeu f\u00e3s nesta segunda-feira (23) ao anunciar que far\u00e1 uma pausa na sua carreira musical por tempo indeterminado, ap\u00f3s anos de sucesso no funk brasileiro. A informa\u00e7\u00e3o foi dada com exclusividade ao portal Hugo Gloss.<\/p>\n\n\n\n<p>Em entrevista, Livinho disse que <strong>2026 ser\u00e1 o \u00faltimo ano de compromissos art\u00edsticos antes de interromper suas atividades nos palcos<\/strong>. Ele explicou que tomou a decis\u00e3o por motivos de sa\u00fade f\u00edsica e mental. \u201cPreciso dessa pausa para cuidar da sa\u00fade f\u00edsica e mental, entender melhor o Oliver (meu nome de batismo), e o ser humano por tr\u00e1s de MC Livinho\u201d, afirmou.<\/p>\n\n\n<div class=\"wp-block-image\">\n<figure class=\"aligncenter size-large\"><img loading=\"lazy\" decoding=\"async\" width=\"1170\" height=\"694\" src=\"https:\/\/portalpopmais.com.br\/wp-content\/uploads\/2025\/08\/MC-Livinho-1170x694.png\" alt=\"\" class=\"wp-image-241806\" title=\"\" srcset=\"https:\/\/portalpopmais.com.br\/wp-content\/uploads\/2025\/08\/MC-Livinho-1170x694.png 1170w, https:\/\/portalpopmais.com.br\/wp-content\/uploads\/2025\/08\/MC-Livinho-768x456.png 768w\" sizes=\"auto, (max-width: 1170px) 100vw, 1170px\" \/><figcaption class=\"wp-element-caption\">Divulga\u00e7\u00e3o<\/figcaption><\/figure>\n<\/div>\n\n\n<p>Apesar da pausa, a equipe do artista garantiu que <strong>todos os shows j\u00e1 marcados para este ano ser\u00e3o realizados normalmente<\/strong>. O cantor afirmou que quer encerrar esse ciclo de forma especial ao lado do p\u00fablico que sempre o apoiou. \u201cChegou a hora de dar um tempo, respirar e olhar para minha hist\u00f3ria com calma. A m\u00fasica sempre foi tudo para mim, e justamente por isso, esse momento pede consci\u00eancia\u201d, completou Livinho.<\/p>\n\n\n\n<p>MC Livinho tem 15 anos de carreira e \u00e9 considerado um dos nomes mais influentes do funk nacional. Ele acumula grandes sucessos, como <em>\u201cHoje Eu Vou Parar Na Gaiola\u201d<\/em>, <em>\u201cFazer Falta\u201d<\/em> e <em>\u201cNa Imagina\u00e7\u00e3o\u201d<\/em>, e somava mais de 14 milh\u00f5es de ouvintes mensais no <strong>Spotify<\/strong> antes do an\u00fancio.<\/p>\n\n\n\n<p>No ano passado, o cantor tamb\u00e9m participou do quadro <em>Dan\u00e7a dos Famosos<\/em>, da Rede Globo, mas precisou se afastar por orienta\u00e7\u00e3o m\u00e9dica ap\u00f3s um acidente que resultou em problemas de sa\u00fade.<\/p>\n\n\n\n<p><\/p>","protected":false},"excerpt":{"rendered":"<p>Cantor \u00e9 um dos principais nomes do funk brasileiro.<\/p>","protected":false},"author":2,"featured_media":244849,"comment_status":"closed","ping_status":"closed","sticky":false,"template":"","format":"standard","meta":{"footnotes":""},"categories":[154],"tags":[18550,2228],"class_list":["post-289824","post","type-post","status-publish","format-standard","has-post-thumbnail","hentry","category-musica","tag-destaque","tag-mc-livinho"],"_links":{"self":[{"href":"https:\/\/portalpopmais.com.br\/en\/wp-json\/wp\/v2\/posts\/289824","targetHints":{"allow":["GET"]}}],"collection":[{"href":"https:\/\/portalpopmais.com.br\/en\/wp-json\/wp\/v2\/posts"}],"about":[{"href":"https:\/\/portalpopmais.com.br\/en\/wp-json\/wp\/v2\/types\/post"}],"author":[{"embeddable":true,"href":"https:\/\/portalpopmais.com.br\/en\/wp-json\/wp\/v2\/users\/2"}],"replies":[{"embeddable":true,"href":"https:\/\/portalpopmais.com.br\/en\/wp-json\/wp\/v2\/comments?post=289824"}],"version-history":[{"count":0,"href":"https:\/\/portalpopmais.com.br\/en\/wp-json\/wp\/v2\/posts\/289824\/revisions"}],"wp:featuredmedia":[{"embeddable":true,"href":"https:\/\/portalpopmais.com.br\/en\/wp-json\/wp\/v2\/media\/244849"}],"wp:attachment":[{"href":"https:\/\/portalpopmais.com.br\/en\/wp-json\/wp\/v2\/media?parent=289824"}],"wp:term":[{"taxonomy":"category","embeddable":true,"href":"https:\/\/portalpopmais.com.br\/en\/wp-json\/wp\/v2\/categories?post=289824"},{"taxonomy":"post_tag","embeddable":true,"href":"https:\/\/portalpopmais.com.br\/en\/wp-json\/wp\/v2\/tags?post=289824"}],"curies":[{"name":"wp","href":"https:\/\/api.w.org\/{rel}","templated":true}]}}