{"id":289885,"date":"2026-02-23T23:17:49","date_gmt":"2026-02-24T02:17:49","guid":{"rendered":"https:\/\/portalpopmais.com.br\/?p=289885"},"modified":"2026-02-23T23:18:31","modified_gmt":"2026-02-24T02:18:31","slug":"leo-lins-e-absolvido-pelo-trf-de-condenacao-a-mais-de-oito-anos-de-prisao","status":"publish","type":"post","link":"https:\/\/portalpopmais.com.br\/en\/leo-lins-e-absolvido-pelo-trf-de-condenacao-a-mais-de-oito-anos-de-prisao\/","title":{"rendered":"L\u00e9o Lins \u00e9 absolvido pelo TRF de condena\u00e7\u00e3o a mais de oito anos de pris\u00e3o"},"content":{"rendered":"<p>O Tribunal Regional Federal da 3\u00aa Regi\u00e3o (TRF-3) absolveu o humorista L\u00e9o Lins da condena\u00e7\u00e3o que previa oito anos e tr\u00eas meses de pris\u00e3o, al\u00e9m do pagamento de R$ 303,6 mil por danos morais coletivos. A decis\u00e3o foi confirmada nesta segunda-feira (23) pela defesa do artista.<\/p>\n\n\n\n<p>Segundo o advogado Carlos Eduardo Ramos, que representa o comediante, a maioria dos magistrados entendeu pela absolvi\u00e7\u00e3o. Dois ju\u00edzes votaram para derrubar integralmente a condena\u00e7\u00e3o. Um terceiro magistrado ficou vencido: ele defendia a manuten\u00e7\u00e3o da senten\u00e7a, mas com redu\u00e7\u00e3o da pena para cerca de cinco anos em regime semiaberto e diminui\u00e7\u00e3o do valor da indeniza\u00e7\u00e3o.<\/p>\n\n\n\n<p>Em nota, a defesa afirmou que o resultado do julgamento \u201crefletiu o conte\u00fado do processo\u201d e considerou que a decis\u00e3o restabelece a liberdade art\u00edstica e de express\u00e3o. Os advogados informaram ainda que detalhes sobre os fundamentos do ac\u00f3rd\u00e3o ser\u00e3o divulgados ap\u00f3s a publica\u00e7\u00e3o oficial pelo Tribunal.<\/p>\n\n\n\n<h2 class=\"wp-block-heading\">Relembre o caso<\/h2>\n\n\n\n<p>A condena\u00e7\u00e3o em primeira inst\u00e2ncia foi proferida em 30 de maio de 2025 pela 3\u00aa Vara Criminal Federal de S\u00e3o Paulo. Na ocasi\u00e3o, a Justi\u00e7a atendeu ao pedido do Minist\u00e9rio P\u00fablico Federal (MPF) e determinou pena de oito anos e tr\u00eas meses de pris\u00e3o em regime fechado.<\/p>\n\n\n\n<p>De acordo com o MPF, o processo teve como base um v\u00eddeo publicado no canal do humorista no YouTube, no qual ele fazia, durante um show, piadas consideradas preconceituosas contra diversos grupos sociais. Entre os alvos das falas estavam negros, idosos, pessoas obesas, soropositivos, homossexuais, povos origin\u00e1rios, nordestinos, evang\u00e9licos, judeus e pessoas com defici\u00eancia.<\/p>\n\n\n\n<p>O v\u00eddeo chegou a ultrapassar tr\u00eas milh\u00f5es de visualiza\u00e7\u00f5es. Em 2023, a Justi\u00e7a determinou a suspens\u00e3o do conte\u00fado, quando ele j\u00e1 havia alcan\u00e7ado ampla repercuss\u00e3o.<\/p>\n\n\n\n<p>Na senten\u00e7a de primeira inst\u00e2ncia, o ju\u00edzo destacou como agravante o fato de as declara\u00e7\u00f5es terem sido feitas em contexto de entretenimento. Segundo trecho da decis\u00e3o, o r\u00e9u teria reconhecido o car\u00e1ter preconceituoso das anedotas e demonstrado ci\u00eancia da possibilidade de consequ\u00eancias judiciais.<\/p>\n\n\n\n<h2 class=\"wp-block-heading\">Pr\u00f3ximos passos<\/h2>\n\n\n\n<p>Com a decis\u00e3o do TRF-3, a condena\u00e7\u00e3o foi anulada. Ainda n\u00e3o foram divulgados os fundamentos completos do julgamento, que devem constar no ac\u00f3rd\u00e3o a ser publicado pelo Tribunal. O Minist\u00e9rio P\u00fablico Federal poder\u00e1 avaliar eventual interposi\u00e7\u00e3o de recurso ap\u00f3s a publica\u00e7\u00e3o da decis\u00e3o.<\/p>\n\n\n\n<p><\/p>\n\n\n\n<p><\/p>","protected":false},"excerpt":{"rendered":"<p>Decis\u00e3o do TRF-3 anula pena de 8 anos e 3 meses de pris\u00e3o e cancela indeniza\u00e7\u00e3o por danos morais coletivos relacionada a v\u00eddeo com piadas consideradas preconceituosas.<\/p>","protected":false},"author":2,"featured_media":233058,"comment_status":"closed","ping_status":"closed","sticky":false,"template":"","format":"standard","meta":{"footnotes":""},"categories":[173],"tags":[10289],"class_list":["post-289885","post","type-post","status-publish","format-standard","has-post-thumbnail","hentry","category-celebridades","tag-leo-lins"],"_links":{"self":[{"href":"https:\/\/portalpopmais.com.br\/en\/wp-json\/wp\/v2\/posts\/289885","targetHints":{"allow":["GET"]}}],"collection":[{"href":"https:\/\/portalpopmais.com.br\/en\/wp-json\/wp\/v2\/posts"}],"about":[{"href":"https:\/\/portalpopmais.com.br\/en\/wp-json\/wp\/v2\/types\/post"}],"author":[{"embeddable":true,"href":"https:\/\/portalpopmais.com.br\/en\/wp-json\/wp\/v2\/users\/2"}],"replies":[{"embeddable":true,"href":"https:\/\/portalpopmais.com.br\/en\/wp-json\/wp\/v2\/comments?post=289885"}],"version-history":[{"count":0,"href":"https:\/\/portalpopmais.com.br\/en\/wp-json\/wp\/v2\/posts\/289885\/revisions"}],"wp:featuredmedia":[{"embeddable":true,"href":"https:\/\/portalpopmais.com.br\/en\/wp-json\/wp\/v2\/media\/233058"}],"wp:attachment":[{"href":"https:\/\/portalpopmais.com.br\/en\/wp-json\/wp\/v2\/media?parent=289885"}],"wp:term":[{"taxonomy":"category","embeddable":true,"href":"https:\/\/portalpopmais.com.br\/en\/wp-json\/wp\/v2\/categories?post=289885"},{"taxonomy":"post_tag","embeddable":true,"href":"https:\/\/portalpopmais.com.br\/en\/wp-json\/wp\/v2\/tags?post=289885"}],"curies":[{"name":"wp","href":"https:\/\/api.w.org\/{rel}","templated":true}]}}