{"id":29086,"date":"2019-07-16T12:24:30","date_gmt":"2019-07-16T15:24:30","guid":{"rendered":"http:\/\/popmais.com.br\/?p=29086"},"modified":"2019-07-16T12:24:30","modified_gmt":"2019-07-16T15:24:30","slug":"ariana-grande-e-givenchy-cantora-e-o-rosto-da-nova-campanha-outono-inverno-da-grife","status":"publish","type":"post","link":"https:\/\/portalpopmais.com.br\/en\/ariana-grande-e-givenchy-cantora-e-o-rosto-da-nova-campanha-outono-inverno-da-grife\/","title":{"rendered":"Ariana Grande \u00e9 Givenchy! Cantora \u00e9 o rosto da nova campanha Outono-Inverno da grife"},"content":{"rendered":"<p>Provando que nem s\u00f3 de pop vive uma cantora, <strong>Ariana Grande<\/strong> aparece estampando a nova campanha outono-inverno da grife <strong>Givenchy<\/strong>.<\/p>\n<p>Pelas redes sociais, a marca divulgou as primeiras imagens da cantora para a cole\u00e7\u00e3o. Confira:<\/p>\n<blockquote class=\"twitter-tweet\" data-width=\"550\" data-dnt=\"true\">\n<p lang=\"en\" dir=\"ltr\"><a href=\"https:\/\/twitter.com\/hashtag\/ARIVENCHY?src=hash&amp;ref_src=twsrc%5Etfw\" target=\"_blank\" rel=\"noopener\">#ARIVENCHY<\/a>: THE <a href=\"https:\/\/twitter.com\/hashtag\/GIVENCHYFW19?src=hash&amp;ref_src=twsrc%5Etfw\" target=\"_blank\" rel=\"noopener\">#GIVENCHYFW19<\/a> CAMPAIGN FEATURING <a href=\"https:\/\/twitter.com\/ArianaGrande?ref_src=twsrc%5Etfw\" target=\"_blank\" rel=\"noopener\">@ARIANAGRANDE<\/a>. FIRST REVEAL TODAY. <a href=\"https:\/\/twitter.com\/hashtag\/GIVENCHYFAMILY?src=hash&amp;ref_src=twsrc%5Etfw\" target=\"_blank\" rel=\"noopener\">#GIVENCHYFAMILY<\/a> <a href=\"https:\/\/t.co\/zdLVvGyV3a\">pic.twitter.com\/zdLVvGyV3a<\/a><\/p>\n<p>&mdash; Givenchy (@givenchy) <a href=\"https:\/\/twitter.com\/givenchy\/status\/1150717983465123840?ref_src=twsrc%5Etfw\" target=\"_blank\" rel=\"noopener\">July 15, 2019<\/a><\/p><\/blockquote>\n<p><script async src=\"https:\/\/platform.twitter.com\/widgets.js\" charset=\"utf-8\"><\/script><\/p>\n<blockquote class=\"twitter-tweet\" data-width=\"550\" data-dnt=\"true\">\n<p lang=\"en\" dir=\"ltr\">First look of <a href=\"https:\/\/twitter.com\/givenchy?ref_src=twsrc%5Etfw\" target=\"_blank\" rel=\"noopener\">@givenchy<\/a> fall campaign with <a href=\"https:\/\/twitter.com\/hashtag\/ARIVENCHY?src=hash&amp;ref_src=twsrc%5Etfw\" target=\"_blank\" rel=\"noopener\">#ARIVENCHY<\/a> had just revealed <a href=\"https:\/\/twitter.com\/ArianaGrande?ref_src=twsrc%5Etfw\" target=\"_blank\" rel=\"noopener\">@ArianaGrande<\/a> <a href=\"https:\/\/t.co\/C9pboeeR02\">pic.twitter.com\/C9pboeeR02<\/a><\/p>\n<p>&mdash; Ariana Grande Update \ud83c\udf11 (@ArianatorFallen) <a href=\"https:\/\/twitter.com\/ArianatorFallen\/status\/1150776128812048384?ref_src=twsrc%5Etfw\" target=\"_blank\" rel=\"noopener\">July 15, 2019<\/a><\/p><\/blockquote>\n<p><script async src=\"https:\/\/platform.twitter.com\/widgets.js\" charset=\"utf-8\"><\/script><\/p>\n<blockquote class=\"twitter-tweet\" data-width=\"550\" data-dnt=\"true\">\n<p lang=\"en\" dir=\"ltr\">.<a href=\"https:\/\/twitter.com\/ArianaGrande?ref_src=twsrc%5Etfw\" target=\"_blank\" rel=\"noopener\">@ArianaGrande<\/a> exudes elegance in new photos for her <a href=\"https:\/\/twitter.com\/hashtag\/ARIVENCHY?src=hash&amp;ref_src=twsrc%5Etfw\" target=\"_blank\" rel=\"noopener\">#ARIVENCHY<\/a> campaign. \ud83d\udc9a <a href=\"https:\/\/t.co\/9WjHs8ZKpQ\">pic.twitter.com\/9WjHs8ZKpQ<\/a><\/p>\n<p>&mdash; Pop Crave (@PopCrave) <a href=\"https:\/\/twitter.com\/PopCrave\/status\/1150832544289566720?ref_src=twsrc%5Etfw\" target=\"_blank\" rel=\"noopener\">July 15, 2019<\/a><\/p><\/blockquote>\n<p><script async src=\"https:\/\/platform.twitter.com\/widgets.js\" charset=\"utf-8\"><\/script><\/p>\n<p>&nbsp;<\/p>\n<p>&nbsp;<\/p>","protected":false},"excerpt":{"rendered":"<p>Provando que nem s\u00f3 de pop vive uma cantora, Ariana Grande aparece estampando a nova campanha outono-inverno da grife Givenchy. Pelas redes sociais, a marca divulgou as primeiras imagens da cantora para a cole\u00e7\u00e3o. Confira: #ARIVENCHY: THE #GIVENCHYFW19 CAMPAIGN FEATURING @ARIANAGRANDE. FIRST REVEAL TODAY. #GIVENCHYFAMILY pic.twitter.com\/zdLVvGyV3a &mdash; Givenchy (@givenchy) July 15, 2019 First look of [&hellip;]<\/p>\n","protected":false},"author":2,"featured_media":29088,"comment_status":"open","ping_status":"open","sticky":false,"template":"","format":"standard","meta":{"footnotes":""},"categories":[173],"tags":[21],"class_list":["post-29086","post","type-post","status-publish","format-standard","has-post-thumbnail","hentry","category-celebridades","tag-ariana-grande"],"_links":{"self":[{"href":"https:\/\/portalpopmais.com.br\/en\/wp-json\/wp\/v2\/posts\/29086","targetHints":{"allow":["GET"]}}],"collection":[{"href":"https:\/\/portalpopmais.com.br\/en\/wp-json\/wp\/v2\/posts"}],"about":[{"href":"https:\/\/portalpopmais.com.br\/en\/wp-json\/wp\/v2\/types\/post"}],"author":[{"embeddable":true,"href":"https:\/\/portalpopmais.com.br\/en\/wp-json\/wp\/v2\/users\/2"}],"replies":[{"embeddable":true,"href":"https:\/\/portalpopmais.com.br\/en\/wp-json\/wp\/v2\/comments?post=29086"}],"version-history":[{"count":0,"href":"https:\/\/portalpopmais.com.br\/en\/wp-json\/wp\/v2\/posts\/29086\/revisions"}],"wp:attachment":[{"href":"https:\/\/portalpopmais.com.br\/en\/wp-json\/wp\/v2\/media?parent=29086"}],"wp:term":[{"taxonomy":"category","embeddable":true,"href":"https:\/\/portalpopmais.com.br\/en\/wp-json\/wp\/v2\/categories?post=29086"},{"taxonomy":"post_tag","embeddable":true,"href":"https:\/\/portalpopmais.com.br\/en\/wp-json\/wp\/v2\/tags?post=29086"}],"curies":[{"name":"wp","href":"https:\/\/api.w.org\/{rel}","templated":true}]}}