{"id":291926,"date":"2026-02-25T07:00:30","date_gmt":"2026-02-25T10:00:30","guid":{"rendered":"https:\/\/portalpopmais.com.br\/?p=291926"},"modified":"2026-02-25T07:02:18","modified_gmt":"2026-02-25T10:02:18","slug":"virginia-fonseca-curte-post-defesa-inveja-disfarcada-moralidade","status":"publish","type":"post","link":"https:\/\/portalpopmais.com.br\/en\/virginia-fonseca-curte-post-defesa-inveja-disfarcada-moralidade\/","title":{"rendered":"Virginia Fonseca curte publica\u00e7\u00e3o em sua defesa ap\u00f3s cr\u00edticas: \u201cInveja disfar\u00e7ada de moralidade\u201d"},"content":{"rendered":"<p>A influenciadora e empres\u00e1ria <strong><a href=\"https:\/\/portalpopmais.com.br\/en\/trends\/virginia-fonseca\/\" type=\"post_tag\" id=\"7653\">Virginia Fonseca<\/a><\/strong>, de 26 anos, chamou aten\u00e7\u00e3o nas redes sociais ao curtir uma publica\u00e7\u00e3o feita por um internauta em sua defesa. O texto, que viralizou nos \u00faltimos dias, afirma que as cr\u00edticas direcionadas \u00e0 artista seriam reflexo de \u201cinveja disfar\u00e7ada de moralidade\u201d.<\/p>\n\n\n\n<p>No desabafo, o autor da postagem argumenta que a influenciadora teria se tornado um \u201calvo f\u00e1cil\u201d para ataques na internet, especialmente ap\u00f3s sua estreia como rainha de bateria da Acad\u00eamicos do Grande Rio no Carnaval de 2026.<\/p>\n\n\n\n<h3 class=\"wp-block-heading\">\u201cMalhem a Virg\u00ednia\u201d<\/h3>\n\n\n\n<p>A publica\u00e7\u00e3o come\u00e7a destacando que parte do p\u00fablico costuma escolher figuras p\u00fablicas para concentrar frustra\u00e7\u00f5es pessoais. Segundo o texto, caracter\u00edsticas como sucesso, beleza e independ\u00eancia financeira seriam suficientes para despertar sentimentos negativos.<\/p>\n\n\n\n<p>\u201cInfluenciadora, empres\u00e1ria, milion\u00e1ria, bonita. Essas caracter\u00edsticas j\u00e1 s\u00e3o suficientes para despertar inveja em milh\u00f5es de pessoas. Esse sentimento vem disfar\u00e7ado de moralidade, mas \u00e9 inveja mesmo\u201d, diz um trecho.<\/p>\n\n\n\n<p>O autor ressalta que n\u00e3o estaria \u201csantificando\u201d Virginia, mas questiona a intensidade dos ataques virtuais, considerando sua trajet\u00f3ria profissional e a constru\u00e7\u00e3o de um imp\u00e9rio empresarial ainda jovem.<\/p>\n\n\n\n<h3 class=\"wp-block-heading\">Cr\u00edticas ap\u00f3s desfile na Sapuca\u00ed<\/h3>\n\n\n\n<p>A postagem tamb\u00e9m cita coment\u00e1rios feitos nas redes ap\u00f3s o desfile da influenciadora na Marqu\u00eas de Sapuca\u00ed, como compara\u00e7\u00f5es com sua antecessora no cargo, Paolla Oliveira, e avalia\u00e7\u00f5es negativas sobre sua performance.<\/p>\n\n\n\n<p>De acordo com o internauta, Virginia enfrentou desafios f\u00edsicos durante a apresenta\u00e7\u00e3o, como o uso de fantasia pesada e desconfortos ao longo do desfile, al\u00e9m de ter sido alvo de vaias em alguns momentos.<\/p>\n\n\n\n<h3 class=\"wp-block-heading\">\u201cResili\u00eancia\u201d diante das cr\u00edticas<\/h3>\n\n\n\n<p>No trecho final, o autor elogia a postura da empres\u00e1ria diante das cr\u00edticas e destaca sua capacidade de seguir trabalhando e expandindo seus neg\u00f3cios apesar do \u201cmar de \u00f3dio\u201d.<\/p>\n\n\n\n<p>Ao curtir a publica\u00e7\u00e3o, Virginia n\u00e3o fez coment\u00e1rios adicionais sobre o assunto, mas o gesto foi interpretado por seguidores como um sinal de concord\u00e2ncia com o posicionamento.<\/p>\n\n\n<div class=\"wp-block-image\">\n<figure class=\"aligncenter size-full\"><img loading=\"lazy\" decoding=\"async\" width=\"1000\" height=\"1664\" src=\"https:\/\/portalpopmais.com.br\/wp-content\/uploads\/2026\/02\/image-324.png\" alt=\"\" class=\"wp-image-291927\" title=\"\" srcset=\"https:\/\/portalpopmais.com.br\/wp-content\/uploads\/2026\/02\/image-324.png 1000w, https:\/\/portalpopmais.com.br\/wp-content\/uploads\/2026\/02\/image-324-768x1278.png 768w, https:\/\/portalpopmais.com.br\/wp-content\/uploads\/2026\/02\/image-324-923x1536.png 923w, https:\/\/portalpopmais.com.br\/wp-content\/uploads\/2026\/02\/image-324-7x12.png 7w\" sizes=\"auto, (max-width: 1000px) 100vw, 1000px\" \/><figcaption class=\"wp-element-caption\">Reprodu\u00e7\u00e3o\/ Instagram<\/figcaption><\/figure>\n<\/div>","protected":false},"excerpt":{"rendered":"<p>Influenciadora reagiu a texto que atribui cr\u00edticas \u00e0 inveja.<\/p>","protected":false},"author":2,"featured_media":289816,"comment_status":"closed","ping_status":"closed","sticky":false,"template":"","format":"standard","meta":{"footnotes":""},"categories":[173],"tags":[18550,7653],"class_list":["post-291926","post","type-post","status-publish","format-standard","has-post-thumbnail","hentry","category-celebridades","tag-destaque","tag-virginia-fonseca"],"_links":{"self":[{"href":"https:\/\/portalpopmais.com.br\/en\/wp-json\/wp\/v2\/posts\/291926","targetHints":{"allow":["GET"]}}],"collection":[{"href":"https:\/\/portalpopmais.com.br\/en\/wp-json\/wp\/v2\/posts"}],"about":[{"href":"https:\/\/portalpopmais.com.br\/en\/wp-json\/wp\/v2\/types\/post"}],"author":[{"embeddable":true,"href":"https:\/\/portalpopmais.com.br\/en\/wp-json\/wp\/v2\/users\/2"}],"replies":[{"embeddable":true,"href":"https:\/\/portalpopmais.com.br\/en\/wp-json\/wp\/v2\/comments?post=291926"}],"version-history":[{"count":0,"href":"https:\/\/portalpopmais.com.br\/en\/wp-json\/wp\/v2\/posts\/291926\/revisions"}],"wp:featuredmedia":[{"embeddable":true,"href":"https:\/\/portalpopmais.com.br\/en\/wp-json\/wp\/v2\/media\/289816"}],"wp:attachment":[{"href":"https:\/\/portalpopmais.com.br\/en\/wp-json\/wp\/v2\/media?parent=291926"}],"wp:term":[{"taxonomy":"category","embeddable":true,"href":"https:\/\/portalpopmais.com.br\/en\/wp-json\/wp\/v2\/categories?post=291926"},{"taxonomy":"post_tag","embeddable":true,"href":"https:\/\/portalpopmais.com.br\/en\/wp-json\/wp\/v2\/tags?post=291926"}],"curies":[{"name":"wp","href":"https:\/\/api.w.org\/{rel}","templated":true}]}}