{"id":291974,"date":"2026-02-25T11:22:01","date_gmt":"2026-02-25T14:22:01","guid":{"rendered":"https:\/\/portalpopmais.com.br\/?p=291974"},"modified":"2026-02-25T11:26:25","modified_gmt":"2026-02-25T14:26:25","slug":"juliana-paes-reage-aos-memes-criados-com-seu-choro-durante-a-apuracao-esta-indo-longe-demais","status":"publish","type":"post","link":"https:\/\/portalpopmais.com.br\/en\/juliana-paes-reage-aos-memes-criados-com-seu-choro-durante-a-apuracao-esta-indo-longe-demais\/","title":{"rendered":"Juliana Paes reage aos memes criados com seu choro durante a apura\u00e7\u00e3o: \u201cEst\u00e1 indo longe demais\u201d"},"content":{"rendered":"<p>A atriz Juliana Paes usou as redes sociais na madrugada desta quarta-feira (25) para comentar a repercuss\u00e3o de v\u00eddeos que mostram seu choro durante a apura\u00e7\u00e3o do Carnaval 2026. As imagens, que rapidamente viralizaram, renderam uma s\u00e9rie de memes e montagens compartilhadas por internautas.<\/p>\n\n\n\n<p>Em um dos registros mais difundidos, a artista aparece sentada, olhando para a c\u00e2mera e chorando enquanto acompanha a leitura das notas na Marqu\u00eas de Sapuca\u00ed.<\/p>\n\n\n\n<p>Com bom humor, Juliana comentou a situa\u00e7\u00e3o nos Stories do Instagram. \u201cEst\u00e1 tudo muito bem, est\u00e1 tudo muito bom, mas tem coisa que est\u00e1 indo longe demais\u201d, disse, em tom descontra\u00eddo.<\/p>\n\n\n\n<h3 class=\"wp-block-heading\">Montagens e v\u00eddeos com intelig\u00eancia artificial<\/h3>\n\n\n\n<p>Entre os conte\u00fados que circularam nas redes, est\u00e1 um v\u00eddeo criado com uso de intelig\u00eancia artificial em que a atriz aparece chorando enquanto canta a m\u00fasica \u201cNa Maldade\u201d, de Simone Morena. Ao compartilhar a montagem, Juliana reagiu com ironia: \u201cS\u00e9rio?\u201d, escreveu, aos risos.<\/p>\n\n\n\n<p>Outra edi\u00e7\u00e3o adicionou uma trilha sonora de suspense \u00e0 cena original, ampliando o tom dram\u00e1tico do momento e aumentando ainda mais a repercuss\u00e3o online.<\/p>\n\n\n<div class=\"wp-block-image\">\n<figure class=\"aligncenter size-full\"><img loading=\"lazy\" decoding=\"async\" width=\"1200\" height=\"1738\" src=\"https:\/\/portalpopmais.com.br\/wp-content\/uploads\/2026\/02\/image-338.png\" alt=\"\" class=\"wp-image-291977\" title=\"\" srcset=\"https:\/\/portalpopmais.com.br\/wp-content\/uploads\/2026\/02\/image-338.png 1200w, https:\/\/portalpopmais.com.br\/wp-content\/uploads\/2026\/02\/image-338-768x1112.png 768w, https:\/\/portalpopmais.com.br\/wp-content\/uploads\/2026\/02\/image-338-1061x1536.png 1061w, https:\/\/portalpopmais.com.br\/wp-content\/uploads\/2026\/02\/image-338-8x12.png 8w\" sizes=\"auto, (max-width: 1200px) 100vw, 1200px\" \/><figcaption class=\"wp-element-caption\">Juliana Paes virou meme durante apura\u00e7\u00e3o no RJ &#8211; Foto: Reprodu\u00e7\u00e3o<\/figcaption><\/figure>\n<\/div>\n\n\n<h3 class=\"wp-block-heading\">Retorno \u00e0 Unidos do Viradouro<\/h3>\n\n\n\n<p>O choro aconteceu durante a apura\u00e7\u00e3o das notas do desfile da Unidos do Viradouro, escola pela qual Juliana desfilou como rainha de bateria ap\u00f3s 18 anos afastada do posto.<\/p>\n\n\n\n<p>A agremia\u00e7\u00e3o apresentou na Sapuca\u00ed o enredo \u201cPra cima, Ci\u00e7a!\u201d, homenagem ao mestre de bateria da escola, que teria sido o respons\u00e1vel por convidar a atriz a retornar ao cargo.<\/p>\n\n\n\n<p>A emo\u00e7\u00e3o demonstrada por Juliana durante a leitura das notas acabou se transformando em fen\u00f4meno nas redes, mostrando como momentos espont\u00e2neos do Carnaval rapidamente ganham novas vers\u00f5es e interpreta\u00e7\u00f5es na internet.<\/p>\n\n\n\n<figure class=\"wp-block-embed is-type-rich is-provider-twitter wp-block-embed-twitter\"><div class=\"wp-block-embed__wrapper\">\n<blockquote class=\"twitter-tweet\" data-width=\"550\" data-dnt=\"true\"><p lang=\"pt\" dir=\"ltr\">Juliana Paes reage aos memes criados com seu choro durante a apura\u00e7\u00e3o: \u201cEst\u00e1 indo longe demais\u201d <a href=\"https:\/\/t.co\/nMuX7ikav1\">pic.twitter.com\/nMuX7ikav1<\/a><\/p>&mdash; POP Mais (@sitepopmais) <a href=\"https:\/\/twitter.com\/sitepopmais\/status\/2026664743457472838?ref_src=twsrc%5Etfw\" target=\"_blank\" rel=\"noopener\">February 25, 2026<\/a><\/blockquote><script async src=\"https:\/\/platform.twitter.com\/widgets.js\" charset=\"utf-8\"><\/script>\n<\/div><\/figure>","protected":false},"excerpt":{"rendered":"<p>Atriz comentou com bom humor a repercuss\u00e3o de v\u00eddeos e montagens feitas a partir de seu choro durante a apura\u00e7\u00e3o do Carnaval 2026.<\/p>","protected":false},"author":2,"featured_media":291975,"comment_status":"closed","ping_status":"closed","sticky":false,"template":"","format":"standard","meta":{"footnotes":""},"categories":[173],"tags":[18550,6094],"class_list":["post-291974","post","type-post","status-publish","format-standard","has-post-thumbnail","hentry","category-celebridades","tag-destaque","tag-juliana-paes"],"_links":{"self":[{"href":"https:\/\/portalpopmais.com.br\/en\/wp-json\/wp\/v2\/posts\/291974","targetHints":{"allow":["GET"]}}],"collection":[{"href":"https:\/\/portalpopmais.com.br\/en\/wp-json\/wp\/v2\/posts"}],"about":[{"href":"https:\/\/portalpopmais.com.br\/en\/wp-json\/wp\/v2\/types\/post"}],"author":[{"embeddable":true,"href":"https:\/\/portalpopmais.com.br\/en\/wp-json\/wp\/v2\/users\/2"}],"replies":[{"embeddable":true,"href":"https:\/\/portalpopmais.com.br\/en\/wp-json\/wp\/v2\/comments?post=291974"}],"version-history":[{"count":0,"href":"https:\/\/portalpopmais.com.br\/en\/wp-json\/wp\/v2\/posts\/291974\/revisions"}],"wp:featuredmedia":[{"embeddable":true,"href":"https:\/\/portalpopmais.com.br\/en\/wp-json\/wp\/v2\/media\/291975"}],"wp:attachment":[{"href":"https:\/\/portalpopmais.com.br\/en\/wp-json\/wp\/v2\/media?parent=291974"}],"wp:term":[{"taxonomy":"category","embeddable":true,"href":"https:\/\/portalpopmais.com.br\/en\/wp-json\/wp\/v2\/categories?post=291974"},{"taxonomy":"post_tag","embeddable":true,"href":"https:\/\/portalpopmais.com.br\/en\/wp-json\/wp\/v2\/tags?post=291974"}],"curies":[{"name":"wp","href":"https:\/\/api.w.org\/{rel}","templated":true}]}}