{"id":292090,"date":"2026-02-26T06:22:06","date_gmt":"2026-02-26T09:22:06","guid":{"rendered":"https:\/\/portalpopmais.com.br\/?p=292090"},"modified":"2026-02-26T06:22:14","modified_gmt":"2026-02-26T09:22:14","slug":"harry-styles-comenta-rumores-calvicie-peruca","status":"publish","type":"post","link":"https:\/\/portalpopmais.com.br\/en\/harry-styles-comenta-rumores-calvicie-peruca\/","title":{"rendered":"Harry Styles comenta rumores sobre calv\u00edcie e uso de peruca ap\u00f3s anos de especula\u00e7\u00e3o"},"content":{"rendered":"<p>Ap\u00f3s quatro anos de especula\u00e7\u00f5es nas redes sociais, Harry Styles decidiu falar publicamente sobre os rumores envolvendo sua suposta calv\u00edcie, o uso de perucas e at\u00e9 mesmo a possibilidade de ter feito um transplante capilar.<\/p>\n\n\n\n<p>A declara\u00e7\u00e3o foi feita durante sua participa\u00e7\u00e3o no programa <em>Royal Court<\/em>, quando o cantor comentou uma publica\u00e7\u00e3o da p\u00e1gina de celebridades DeuxMoi. O perfil havia divulgado que um \u201cm\u00fasico de primeira linha e ator ocasional\u201d estaria \u201cquase completamente careca\u201d e usando uma peruca de alta qualidade \u2014 descri\u00e7\u00e3o que levou f\u00e3s a apontarem Styles, especialmente no per\u00edodo em que ele passou a investir mais fortemente na carreira de ator.<\/p>\n\n\n<div class=\"wp-block-image\">\n<figure class=\"aligncenter size-full\"><img loading=\"lazy\" decoding=\"async\" width=\"1000\" height=\"525\" src=\"https:\/\/portalpopmais.com.br\/wp-content\/uploads\/2026\/02\/image-354.png\" alt=\"\" class=\"wp-image-292091\" title=\"\" srcset=\"https:\/\/portalpopmais.com.br\/wp-content\/uploads\/2026\/02\/image-354.png 1000w, https:\/\/portalpopmais.com.br\/wp-content\/uploads\/2026\/02\/image-354-768x403.png 768w, https:\/\/portalpopmais.com.br\/wp-content\/uploads\/2026\/02\/image-354-18x9.png 18w\" sizes=\"auto, (max-width: 1000px) 100vw, 1000px\" \/><figcaption class=\"wp-element-caption\">Harry Styles exibiu cabe\u00e7a raspada em 2023 e f\u00e3s fizeram piada com sua suposta calv\u00edcie \u2014 Foto: reprodu\u00e7\u00e3o\/ X<\/figcaption><\/figure>\n<\/div>\n\n\n<p><strong>Veja tamb\u00e9m: <\/strong><\/p>\n\n\n\n<ul class=\"wp-block-list\">\n<li><a href=\"https:\/\/portalpopmais.com.br\/en\/harry-styles-revela-que-usa-aplicativo-de-namoro-e-motivo-surpreende\/\">Harry Styles revela que usa aplicativo de namoro e motivo surpreende<\/a><\/li>\n\n\n\n<li><a href=\"https:\/\/portalpopmais.com.br\/en\/harry-styles-confirma-novos-shows-no-brasil-apos-alta-demanda-por-ingressos\/\">Harry Styles confirma novos shows no Brasil ap\u00f3s alta demanda por ingressos<\/a><\/li>\n<\/ul>\n\n\n\n<p>Em tom descontra\u00eddo, a apresentadora Brittany Broski iniciou o assunto perguntando se os dentes do artista eram falsos. Harry negou prontamente. Em seguida, brincou ao comentar: \u201cMas essa linha do cabelo&#8230;\u201d, insinuando de forma bem-humorada que seus fios poderiam n\u00e3o ser naturais, o que arrancou risadas no est\u00fadio.<\/p>\n\n\n\n<p>Embora nunca tenha confirmado qualquer procedimento ou mudan\u00e7a capilar, o ex-integrante do One Direction j\u00e1 havia comentado anteriormente sobre como os boatos o impactaram. Em entrevista \u00e0 revista Rolling Stone, ele revelou que o amigo e colaborador Kid Harpoon costumava lhe enviar mensagens frequentes sobre teorias online envolvendo sua suposta calv\u00edcie.<\/p>\n\n\n\n<p>Na ocasi\u00e3o, Styles tamb\u00e9m refletiu sobre o tema de forma leve. \u201cQual \u00e9 o problema com a calv\u00edcie?\u201d, questionou. \u201cEla pula uma gera\u00e7\u00e3o ou algo assim, n\u00e9? Se o seu av\u00f4 \u00e9 careca, voc\u00ea tamb\u00e9m vai ser? Bom, meu av\u00f4 n\u00e3o era careca, ent\u00e3o vamos torcer\u201d, disse, em tom bem-humorado.<\/p>\n\n\n\n<p>A declara\u00e7\u00e3o mais recente parece ter colocado fim \u2014 ou ao menos dado novos contornos \u2014 a um dos rumores mais persistentes envolvendo o artista nos \u00faltimos anos.<\/p>","protected":false},"excerpt":{"rendered":"<p>Cantor comentou especula\u00e7\u00f5es sobre calv\u00edcie e uso de peruca durante participa\u00e7\u00e3o no programa Royal Court e reagiu com bom humor aos boatos.<\/p>","protected":false},"author":2,"featured_media":238859,"comment_status":"closed","ping_status":"closed","sticky":false,"template":"","format":"standard","meta":{"footnotes":""},"categories":[173],"tags":[18550,211],"class_list":["post-292090","post","type-post","status-publish","format-standard","has-post-thumbnail","hentry","category-celebridades","tag-destaque","tag-harry-styles"],"_links":{"self":[{"href":"https:\/\/portalpopmais.com.br\/en\/wp-json\/wp\/v2\/posts\/292090","targetHints":{"allow":["GET"]}}],"collection":[{"href":"https:\/\/portalpopmais.com.br\/en\/wp-json\/wp\/v2\/posts"}],"about":[{"href":"https:\/\/portalpopmais.com.br\/en\/wp-json\/wp\/v2\/types\/post"}],"author":[{"embeddable":true,"href":"https:\/\/portalpopmais.com.br\/en\/wp-json\/wp\/v2\/users\/2"}],"replies":[{"embeddable":true,"href":"https:\/\/portalpopmais.com.br\/en\/wp-json\/wp\/v2\/comments?post=292090"}],"version-history":[{"count":0,"href":"https:\/\/portalpopmais.com.br\/en\/wp-json\/wp\/v2\/posts\/292090\/revisions"}],"wp:featuredmedia":[{"embeddable":true,"href":"https:\/\/portalpopmais.com.br\/en\/wp-json\/wp\/v2\/media\/238859"}],"wp:attachment":[{"href":"https:\/\/portalpopmais.com.br\/en\/wp-json\/wp\/v2\/media?parent=292090"}],"wp:term":[{"taxonomy":"category","embeddable":true,"href":"https:\/\/portalpopmais.com.br\/en\/wp-json\/wp\/v2\/categories?post=292090"},{"taxonomy":"post_tag","embeddable":true,"href":"https:\/\/portalpopmais.com.br\/en\/wp-json\/wp\/v2\/tags?post=292090"}],"curies":[{"name":"wp","href":"https:\/\/api.w.org\/{rel}","templated":true}]}}