{"id":292750,"date":"2026-03-01T08:24:43","date_gmt":"2026-03-01T11:24:43","guid":{"rendered":"https:\/\/portalpopmais.com.br\/?p=292750"},"modified":"2026-03-01T08:25:42","modified_gmt":"2026-03-01T11:25:42","slug":"velorio-de-dennis-carvalho-sera-reservado-apenas-para-amigos-e-familiares","status":"publish","type":"post","link":"https:\/\/portalpopmais.com.br\/en\/velorio-de-dennis-carvalho-sera-reservado-apenas-para-amigos-e-familiares\/","title":{"rendered":"Vel\u00f3rio de Dennis Carvalho ser\u00e1 reservado apenas para amigos e familiares"},"content":{"rendered":"<p>O ator e diretor <strong>Dennis Carvalho<\/strong> ser\u00e1 velado neste domingo, 1\u00ba de mar\u00e7o, no Cremat\u00f3rio e Cemit\u00e9rio da Penit\u00eancia, na zona portu\u00e1ria do Rio de Janeiro. A cerim\u00f4nia ser\u00e1 <strong>reservada exclusivamente \u00e0 fam\u00edlia e amigos pr\u00f3ximos<\/strong>, conforme comunicado oficial divulgado pelo local. Ele faleceu aos 78 anos no \u00faltimo s\u00e1bado (28\/2).<\/p>\n\n\n\n<p>O vel\u00f3rio acontece na capela ecum\u00eanica 1, das 10h \u00e0s 13h. Ap\u00f3s a despedida, o corpo ser\u00e1 encaminhado para crema\u00e7\u00e3o. A decis\u00e3o por uma cerim\u00f4nia fechada foi tomada pela fam\u00edlia, que pediu respeito e compreens\u00e3o neste momento de luto.<\/p>\n\n\n<div class=\"wp-block-image\">\n<figure class=\"aligncenter size-large\"><img loading=\"lazy\" decoding=\"async\" width=\"1170\" height=\"675\" src=\"https:\/\/portalpopmais.com.br\/wp-content\/uploads\/2026\/02\/dennis-carvalho-1170x675.jpg\" alt=\"\" class=\"wp-image-292683\" title=\"\" srcset=\"https:\/\/portalpopmais.com.br\/wp-content\/uploads\/2026\/02\/dennis-carvalho-1170x675.jpg 1170w, https:\/\/portalpopmais.com.br\/wp-content\/uploads\/2026\/02\/dennis-carvalho-18x10.jpg 18w\" sizes=\"auto, (max-width: 1170px) 100vw, 1170px\" \/><figcaption class=\"wp-element-caption\">Foto: Reprodu\u00e7\u00e3o\/ Redes Sociais <\/figcaption><\/figure>\n<\/div>\n\n\n<p>A morte de Dennis Carvalho rapidamente tomou conta das redes sociais e mobilizou artistas, colegas de profiss\u00e3o e f\u00e3s que destacaram a import\u00e2ncia do diretor para a hist\u00f3ria da televis\u00e3o brasileira.<\/p>\n\n\n\n<h2 class=\"wp-block-heading\">Quem foi Dennis Carvalho<\/h2>\n\n\n\n<p>Nascido em setembro de 1947, em S\u00e3o Paulo, Dennis Carvalho iniciou sua carreira ainda adolescente. Aos 17 anos, participou da novela <em>Oliver Twist<\/em>, exibida pela extinta TV Paulista, ao lado de Osmar Prado. Pouco depois, ganhou proje\u00e7\u00e3o na TV Tupi com produ\u00e7\u00f5es como <em>Ant\u00f4nio Maria<\/em> e <em>\u00cddolo de Pano<\/em>.<\/p>\n\n\n\n<p>No teatro, integrou o elenco do musical <em>Hair<\/em>, ao lado de Aracy Balabanian, consolidando-se como um talento vers\u00e1til entre televis\u00e3o e palco.<\/p>\n\n\n\n<h2 class=\"wp-block-heading\">Virada hist\u00f3rica na TV Globo<\/h2>\n\n\n\n<p>Em 1975, Dennis foi convidado por Boni para integrar a TV Globo, com a promessa de tamb\u00e9m atuar como diretor. A mudan\u00e7a foi decisiva em sua trajet\u00f3ria. No mesmo ano, interpretou o publicit\u00e1rio N\u00e9lio Porto Rico na novela <em>Pecado Capital<\/em>, de Janete Clair.<\/p>\n\n\n\n<p>Sua estreia na dire\u00e7\u00e3o aconteceu em 1977, com <em>Sem Len\u00e7o, Sem Documento<\/em>. A partir da\u00ed, tornou-se um dos principais nomes da dramaturgia brasileira.<\/p>\n\n\n\n<p>Mesmo enfrentando a censura da ditadura militar \u2014 que impactou produ\u00e7\u00f5es como a primeira vers\u00e3o de <em>Roque Santeiro<\/em>, <em>Malu Mulher<\/em> e <em>Brilhante<\/em> \u2014 Dennis n\u00e3o recuou. Pelo contr\u00e1rio: consolidou-se como um diretor ousado e inovador.<\/p>\n\n\n\n<h2 class=\"wp-block-heading\">Obras que marcaram gera\u00e7\u00f5es<\/h2>\n\n\n\n<p>Dennis Carvalho dirigiu alguns dos maiores sucessos da teledramaturgia nacional. Entre eles:<\/p>\n\n\n\n<ul class=\"wp-block-list\">\n<li><em>Dancin\u2019 Days<\/em><\/li>\n\n\n\n<li><em>Selva de Pedra<\/em><\/li>\n\n\n\n<li><em>Vale Tudo<\/em><\/li>\n\n\n\n<li><em>O Cravo e a Rosa<\/em><\/li>\n\n\n\n<li><em>Celebridade<\/em><\/li>\n\n\n\n<li><em>Para\u00edso Tropical<\/em><\/li>\n\n\n\n<li><em>Anos Rebeldes<\/em><\/li>\n\n\n\n<li><em>JK<\/em><\/li>\n\n\n\n<li><em>Sai de Baixo<\/em><\/li>\n<\/ul>\n\n\n\n<p>Seu \u00faltimo grande trabalho na TV Globo foi a dire\u00e7\u00e3o art\u00edstica de <em>Segundo Sol<\/em>, protagonizada por Giovanna Antonelli e Emilio Dantas.<\/p>\n\n\n\n<p>Como ator, tamb\u00e9m deixou sua marca em novelas como <em>Brega &amp; Chique<\/em>, <em>Sex Appeal<\/em>, <em>O Beijo do Vampiro<\/em> e <em>Babil\u00f4nia<\/em>, onde voltou a dividir cena com Fernanda Montenegro.<\/p>\n\n\n\n<h2 class=\"wp-block-heading\">Fim de um ciclo na Globo<\/h2>\n\n\n\n<p>Em junho deste ano, ap\u00f3s mais de quatro d\u00e9cadas de contrato, Dennis encerrou seu v\u00ednculo com a TV Globo, encerrando oficialmente um dos ciclos mais importantes da televis\u00e3o brasileira.<\/p>\n\n\n\n<p>A morte de Dennis Carvalho representa o fim de uma era na dramaturgia nacional. Seu legado permanece vivo nas novelas, miniss\u00e9ries e espet\u00e1culos que ajudaram a moldar a cultura televisiva do pa\u00eds.<\/p>\n\n\n\n<p>O Brasil se despede de um dos maiores diretores da hist\u00f3ria da TV.<\/p>","protected":false},"excerpt":{"rendered":"<p>O diretor de TV morreu no \u00faltimo s\u00e1bado, aos 78 anos.<\/p>","protected":false},"author":1,"featured_media":292674,"comment_status":"closed","ping_status":"closed","sticky":false,"template":"","format":"standard","meta":{"footnotes":""},"categories":[173],"tags":[13331],"class_list":["post-292750","post","type-post","status-publish","format-standard","has-post-thumbnail","hentry","category-celebridades","tag-dennis-carvalho"],"_links":{"self":[{"href":"https:\/\/portalpopmais.com.br\/en\/wp-json\/wp\/v2\/posts\/292750","targetHints":{"allow":["GET"]}}],"collection":[{"href":"https:\/\/portalpopmais.com.br\/en\/wp-json\/wp\/v2\/posts"}],"about":[{"href":"https:\/\/portalpopmais.com.br\/en\/wp-json\/wp\/v2\/types\/post"}],"author":[{"embeddable":true,"href":"https:\/\/portalpopmais.com.br\/en\/wp-json\/wp\/v2\/users\/1"}],"replies":[{"embeddable":true,"href":"https:\/\/portalpopmais.com.br\/en\/wp-json\/wp\/v2\/comments?post=292750"}],"version-history":[{"count":0,"href":"https:\/\/portalpopmais.com.br\/en\/wp-json\/wp\/v2\/posts\/292750\/revisions"}],"wp:featuredmedia":[{"embeddable":true,"href":"https:\/\/portalpopmais.com.br\/en\/wp-json\/wp\/v2\/media\/292674"}],"wp:attachment":[{"href":"https:\/\/portalpopmais.com.br\/en\/wp-json\/wp\/v2\/media?parent=292750"}],"wp:term":[{"taxonomy":"category","embeddable":true,"href":"https:\/\/portalpopmais.com.br\/en\/wp-json\/wp\/v2\/categories?post=292750"},{"taxonomy":"post_tag","embeddable":true,"href":"https:\/\/portalpopmais.com.br\/en\/wp-json\/wp\/v2\/tags?post=292750"}],"curies":[{"name":"wp","href":"https:\/\/api.w.org\/{rel}","templated":true}]}}