{"id":292765,"date":"2026-03-01T15:22:31","date_gmt":"2026-03-01T18:22:31","guid":{"rendered":"https:\/\/portalpopmais.com.br\/?p=292765"},"modified":"2026-03-01T15:22:33","modified_gmt":"2026-03-01T18:22:33","slug":"sambista-adriana-araujo-sofre-aneurisma-cerebral-entra-em-coma-e-tem-estado-considerado-irreversivel","status":"publish","type":"post","link":"https:\/\/portalpopmais.com.br\/en\/sambista-adriana-araujo-sofre-aneurisma-cerebral-entra-em-coma-e-tem-estado-considerado-irreversivel\/","title":{"rendered":"Sambista Adriana Ara\u00fajo sofre aneurisma cerebral, entra em coma e tem estado considerado \u201cirrevers\u00edvel\u201d"},"content":{"rendered":"<p>A sambista mineira Adriana Ara\u00fajo, uma das principais vozes do samba em Minas Gerais, est\u00e1 internada em estado grav\u00edssimo ap\u00f3s sofrer um aneurisma cerebral na noite de s\u00e1bado (28\/2). A informa\u00e7\u00e3o foi divulgada nas redes sociais da artista neste domingo (1\u00ba\/3).<\/p>\n\n\n\n<p>Segundo o comunicado oficial, Adriana passou mal em casa, desmaiou e foi socorrida inicialmente em uma Unidade de Pronto Atendimento (UPA). Posteriormente, foi transferida para o Hospital Odilon Behrens, na regi\u00e3o Noroeste de Belo Horizonte, onde permanece sob cuidados intensivos.<\/p>\n\n\n\n<p>Ap\u00f3s a realiza\u00e7\u00e3o de exames, os m\u00e9dicos constataram um aneurisma cerebral que provocou uma hemorragia de grande extens\u00e3o. Desde ent\u00e3o, a cantora est\u00e1 em coma, entubada e acompanhada pela equipe m\u00e9dica. De acordo com a nota divulgada, o quadro cl\u00ednico \u00e9 considerado \u201cgrav\u00edssimo e irrevers\u00edvel\u201d.<\/p>\n\n\n\n<p>\u201cApesar do diagn\u00f3stico m\u00e9dico, seguimos em ora\u00e7\u00e3o, acreditando que a resposta final \u00e9 de Deus. Pedimos respeito, sensibilidade e ora\u00e7\u00f5es. A fam\u00edlia e a equipe agradecem profundamente todo o carinho e apoio que temos recebido\u201d, diz o comunicado.<\/p>\n\n\n\n<p>A fam\u00edlia tamb\u00e9m solicitou apoio dos f\u00e3s neste momento delicado.<\/p>\n\n\n\n<hr class=\"wp-block-separator has-alpha-channel-opacity\"\/>\n\n\n\n<h2 class=\"wp-block-heading\">Quem \u00e9 Adriana Ara\u00fajo<\/h2>\n\n\n\n<p>Adriana Ara\u00fajo \u00e9 reconhecida como uma das vozes mais marcantes do samba em Belo Horizonte e figura entre os principais nomes do g\u00eanero em Minas Gerais. Nascida em 1976 na comunidade Pedreira Prado Lopes (PPL), na regi\u00e3o da Lagoinha \u2014 tradicional reduto do samba na capital mineira \u2014, teve contato com a m\u00fasica ainda na inf\u00e2ncia.<\/p>\n\n\n\n<p>Sua forma\u00e7\u00e3o art\u00edstica contou com influ\u00eancias da bailarina e professora Marlene Silva, al\u00e9m da participa\u00e7\u00e3o em oficinas de teatro e aulas de t\u00e9cnica vocal, que contribu\u00edram para o desenvolvimento de sua identidade art\u00edstica.<\/p>\n\n\n\n<p>Antes da carreira solo, integrou o grupo Simplicidade Samba ao lado do sambista Evaldo Ara\u00fajo, destacando-se nas tradicionais rodas do Bar do Cac\u00e1. Em 2020, iniciou sua trajet\u00f3ria individual e, durante a pandemia, realizou lives solid\u00e1rias em apoio a comunidades da capital.<\/p>\n\n\n\n<p>Em 2021, lan\u00e7ou o \u00e1lbum \u201cMinha Verdade\u201d, trabalho autoral que aborda temas como ancestralidade, amor e negritude. Ao longo da carreira, dividiu o palco com nomes consagrados do samba, como Leci Brand\u00e3o, Fabiana Cozza, Arlindinho e Jorge Arag\u00e3o.<\/p>\n\n\n\n<p>Entre seus projetos de destaque est\u00e1 o show \u201cAdriana Ara\u00fajo Canta Alcione\u201d, em homenagem \u00e0 cantora Alcione, refor\u00e7ando seu compromisso com o protagonismo feminino e a valoriza\u00e7\u00e3o da cultura negra no samba.<\/p>\n\n\n\n<p><\/p>","protected":false},"excerpt":{"rendered":"<p>Cantora mineira est\u00e1 internada em estado grav\u00edssimo ap\u00f3s hemorragia cerebral. <\/p>","protected":false},"author":2,"featured_media":292764,"comment_status":"closed","ping_status":"closed","sticky":false,"template":"","format":"standard","meta":{"footnotes":""},"categories":[154],"tags":[2322],"class_list":["post-292765","post","type-post","status-publish","format-standard","has-post-thumbnail","hentry","category-musica","tag-adriana-araujo"],"_links":{"self":[{"href":"https:\/\/portalpopmais.com.br\/en\/wp-json\/wp\/v2\/posts\/292765","targetHints":{"allow":["GET"]}}],"collection":[{"href":"https:\/\/portalpopmais.com.br\/en\/wp-json\/wp\/v2\/posts"}],"about":[{"href":"https:\/\/portalpopmais.com.br\/en\/wp-json\/wp\/v2\/types\/post"}],"author":[{"embeddable":true,"href":"https:\/\/portalpopmais.com.br\/en\/wp-json\/wp\/v2\/users\/2"}],"replies":[{"embeddable":true,"href":"https:\/\/portalpopmais.com.br\/en\/wp-json\/wp\/v2\/comments?post=292765"}],"version-history":[{"count":0,"href":"https:\/\/portalpopmais.com.br\/en\/wp-json\/wp\/v2\/posts\/292765\/revisions"}],"wp:featuredmedia":[{"embeddable":true,"href":"https:\/\/portalpopmais.com.br\/en\/wp-json\/wp\/v2\/media\/292764"}],"wp:attachment":[{"href":"https:\/\/portalpopmais.com.br\/en\/wp-json\/wp\/v2\/media?parent=292765"}],"wp:term":[{"taxonomy":"category","embeddable":true,"href":"https:\/\/portalpopmais.com.br\/en\/wp-json\/wp\/v2\/categories?post=292765"},{"taxonomy":"post_tag","embeddable":true,"href":"https:\/\/portalpopmais.com.br\/en\/wp-json\/wp\/v2\/tags?post=292765"}],"curies":[{"name":"wp","href":"https:\/\/api.w.org\/{rel}","templated":true}]}}