{"id":292806,"date":"2026-03-02T09:41:06","date_gmt":"2026-03-02T12:41:06","guid":{"rendered":"https:\/\/portalpopmais.com.br\/?p=292806"},"modified":"2026-03-02T09:41:08","modified_gmt":"2026-03-02T12:41:08","slug":"sonia-abrao-vira-avo-pela-segunda-vez-nasce-enrico-apos-parto-a-jato","status":"publish","type":"post","link":"https:\/\/portalpopmais.com.br\/en\/sonia-abrao-vira-avo-pela-segunda-vez-nasce-enrico-apos-parto-a-jato\/","title":{"rendered":"Sonia Abr\u00e3o vira av\u00f3 pela segunda vez: nasce Enrico ap\u00f3s parto \u201ca jato\u201d"},"content":{"rendered":"<p>A fam\u00edlia de <strong><a href=\"https:\/\/portalpopmais.com.br\/en\/trends\/sonia-abrao\/\" type=\"post_tag\" id=\"778\">Sonia Abr\u00e3o<\/a><\/strong> ganhou mais um motivo para celebrar. Neste domingo (1\u00ba\/3), nasceu Enrico, segundo neto da apresentadora. O beb\u00ea \u00e9 filho da jornalista Bella Morais e de Jorge Abr\u00e3o, \u00fanico filho da comunicadora.<\/p>\n\n\n\n<p>De acordo com a m\u00e3e, o parto foi extremamente r\u00e1pido e aconteceu poucas horas ap\u00f3s o rompimento da bolsa.<\/p>\n\n\n\n<h2 class=\"wp-block-heading\">Parto normal e nascimento em poucas horas<\/h2>\n\n\n\n<p>Em v\u00eddeos publicados na madrugada desta segunda-feira (2\/3), Bella tranquilizou seguidores e detalhou como tudo aconteceu.<\/p>\n\n\n\n<p>\u201cS\u00f3 pra tranquilizar, j\u00e1 estamos no quarto. Foi um parto muito r\u00e1pido, minha bolsa estourou \u00e0s nove, ele nasceu \u00e0s 22h47. Foi um parto normal, muito r\u00e1pido, muito maravilhoso\u201d, contou.<\/p>\n\n\n\n<p>Segundo ela, foram apenas quatro horas de trabalho de parto at\u00e9 a chegada do pequeno.<\/p>\n\n\n\n<h2 class=\"wp-block-heading\">Beb\u00ea nasceu antes do previsto<\/h2>\n\n\n\n<p>Enrico veio ao mundo com 35 semanas e um dia de gesta\u00e7\u00e3o. Apesar de ter nascido antes do prazo inicialmente esperado, a m\u00e3e comemorou o bom estado de sa\u00fade do filho.<\/p>\n\n\n\n<p>\u201cVencemos a prematuridade extrema e ele est\u00e1 superbem, nasceu bem gordinho, comprido\u201d, afirmou.<\/p>\n\n\n\n<p>O rec\u00e9m-nascido pesa 3,180 kg e mede 48 cent\u00edmetros.<\/p>\n\n\n\n<h2 class=\"wp-block-heading\">Fam\u00edlia cresce<\/h2>\n\n\n\n<p>Bella Morais e Jorge Abr\u00e3o, que oficializaram a uni\u00e3o em junho de 2022, j\u00e1 s\u00e3o pais de Filippo, nascido em abril de 2024. Agora, Enrico chega para ampliar ainda mais a fam\u00edlia.<\/p>\n\n\n\n<p>At\u00e9 o momento, Sonia Abr\u00e3o ainda n\u00e3o se pronunciou publicamente sobre o nascimento do neto, mas a chegada do beb\u00ea j\u00e1 movimenta f\u00e3s e seguidores nas redes sociais.<\/p>\n\n\n<div class=\"wp-block-image\">\n<figure class=\"aligncenter size-full\"><img loading=\"lazy\" decoding=\"async\" width=\"1200\" height=\"1843\" src=\"https:\/\/portalpopmais.com.br\/wp-content\/uploads\/2026\/03\/image-6.png\" alt=\"\" class=\"wp-image-292807\" title=\"\" srcset=\"https:\/\/portalpopmais.com.br\/wp-content\/uploads\/2026\/03\/image-6.png 1200w, https:\/\/portalpopmais.com.br\/wp-content\/uploads\/2026\/03\/image-6-768x1180.png 768w, https:\/\/portalpopmais.com.br\/wp-content\/uploads\/2026\/03\/image-6-1000x1536.png 1000w, https:\/\/portalpopmais.com.br\/wp-content\/uploads\/2026\/03\/image-6-8x12.png 8w\" sizes=\"auto, (max-width: 1200px) 100vw, 1200px\" \/><figcaption class=\"wp-element-caption\">Bella Morais, nora de S\u00f4nia Abr\u00e3o, posa com o filho ap\u00f3s o parto &#8211; Foto: Reprodu\u00e7\u00e3o\/ Instagram<\/figcaption><\/figure>\n<\/div>","protected":false},"excerpt":{"rendered":"<p>Enrico nasce de parto r\u00e1pido e amplia a fam\u00edlia da apresentadora.<\/p>","protected":false},"author":2,"featured_media":92540,"comment_status":"closed","ping_status":"closed","sticky":false,"template":"","format":"standard","meta":{"footnotes":""},"categories":[173],"tags":[778],"class_list":["post-292806","post","type-post","status-publish","format-standard","has-post-thumbnail","hentry","category-celebridades","tag-sonia-abrao"],"_links":{"self":[{"href":"https:\/\/portalpopmais.com.br\/en\/wp-json\/wp\/v2\/posts\/292806","targetHints":{"allow":["GET"]}}],"collection":[{"href":"https:\/\/portalpopmais.com.br\/en\/wp-json\/wp\/v2\/posts"}],"about":[{"href":"https:\/\/portalpopmais.com.br\/en\/wp-json\/wp\/v2\/types\/post"}],"author":[{"embeddable":true,"href":"https:\/\/portalpopmais.com.br\/en\/wp-json\/wp\/v2\/users\/2"}],"replies":[{"embeddable":true,"href":"https:\/\/portalpopmais.com.br\/en\/wp-json\/wp\/v2\/comments?post=292806"}],"version-history":[{"count":0,"href":"https:\/\/portalpopmais.com.br\/en\/wp-json\/wp\/v2\/posts\/292806\/revisions"}],"wp:featuredmedia":[{"embeddable":true,"href":"https:\/\/portalpopmais.com.br\/en\/wp-json\/wp\/v2\/media\/92540"}],"wp:attachment":[{"href":"https:\/\/portalpopmais.com.br\/en\/wp-json\/wp\/v2\/media?parent=292806"}],"wp:term":[{"taxonomy":"category","embeddable":true,"href":"https:\/\/portalpopmais.com.br\/en\/wp-json\/wp\/v2\/categories?post=292806"},{"taxonomy":"post_tag","embeddable":true,"href":"https:\/\/portalpopmais.com.br\/en\/wp-json\/wp\/v2\/tags?post=292806"}],"curies":[{"name":"wp","href":"https:\/\/api.w.org\/{rel}","templated":true}]}}