{"id":292850,"date":"2026-03-02T14:28:41","date_gmt":"2026-03-02T17:28:41","guid":{"rendered":"https:\/\/portalpopmais.com.br\/?p=292850"},"modified":"2026-03-02T14:28:44","modified_gmt":"2026-03-02T17:28:44","slug":"ivete-sangalo-passa-por-cirurgia-de-quase-6-horas-para-corrigir-fratura-na-mandibula-apos-desmaio","status":"publish","type":"post","link":"https:\/\/portalpopmais.com.br\/en\/ivete-sangalo-passa-por-cirurgia-de-quase-6-horas-para-corrigir-fratura-na-mandibula-apos-desmaio\/","title":{"rendered":"Ivete Sangalo passa por cirurgia de quase 6 horas para corrigir fratura na mand\u00edbula ap\u00f3s desmaio"},"content":{"rendered":"<p>A cantora Ivete Sangalo foi submetida a uma cirurgia de aproximadamente 5h30 para corrigir uma fratura na mand\u00edbula, ap\u00f3s sofrer uma queda provocada por um epis\u00f3dio de s\u00edncope vasovagal \u2014 condi\u00e7\u00e3o caracterizada por desmaio decorrente de uma queda s\u00fabita da press\u00e3o arterial. O procedimento foi realizado no Hospital S\u00edrio-Liban\u00eas, em S\u00e3o Paulo, e ocorreu sem intercorr\u00eancias.<\/p>\n\n\n\n<h3 class=\"wp-block-heading\">Queda causou impacto no rosto<\/h3>\n\n\n\n<p>De acordo com informa\u00e7\u00f5es m\u00e9dicas, a artista perdeu a consci\u00eancia e sofreu um impacto direto na regi\u00e3o do rosto ao cair. O acidente resultou em fratura mandibular e provocou um hematoma vis\u00edvel na \u00e1rea pr\u00f3xima aos olhos, percebido nos dias seguintes.<\/p>\n\n\n\n<p>A s\u00edncope vasovagal \u00e9 considerada relativamente comum e pode ser desencadeada por fatores como estresse intenso, dor, calor excessivo ou longos per\u00edodos em p\u00e9. Apesar de, na maioria das vezes, n\u00e3o representar risco grave, a perda de consci\u00eancia pode causar acidentes e traumas, como ocorreu no caso da cantora.<\/p>\n\n\n\n<h3 class=\"wp-block-heading\">O que \u00e9 a corre\u00e7\u00e3o intrabucal?<\/h3>\n\n\n\n<p>O procedimento realizado foi uma corre\u00e7\u00e3o intrabucal \u2014 t\u00e9cnica cir\u00fargica em que o acesso \u00e0 mand\u00edbula \u00e9 feito por dentro da boca, sem necessidade de incis\u00f5es externas na pele.<\/p>\n\n\n\n<p>Esse m\u00e9todo \u00e9 amplamente utilizado em fraturas faciais por reduzir cicatrizes vis\u00edveis e permitir maior precis\u00e3o no reposicionamento \u00f3sseo. Durante a cirurgia, os m\u00e9dicos alinham novamente a estrutura da mand\u00edbula e utilizam placas e parafusos espec\u00edficos para estabilizar a regi\u00e3o, garantindo a consolida\u00e7\u00e3o adequada durante o processo de cicatriza\u00e7\u00e3o.<\/p>\n\n\n\n<h3 class=\"wp-block-heading\">Como \u00e9 a recupera\u00e7\u00e3o<\/h3>\n\n\n\n<p>Ap\u00f3s cirurgias de fratura mandibular, o paciente geralmente precisa seguir uma s\u00e9rie de cuidados, como:<\/p>\n\n\n\n<ul class=\"wp-block-list\">\n<li>Dieta l\u00edquida ou pastosa nos primeiros dias<\/li>\n\n\n\n<li>Evitar esfor\u00e7os f\u00edsicos<\/li>\n\n\n\n<li>Manter repouso relativo<\/li>\n\n\n\n<li>Realizar acompanhamento m\u00e9dico peri\u00f3dico<\/li>\n<\/ul>\n\n\n\n<p>A consolida\u00e7\u00e3o \u00f3ssea ocorre de forma gradual, exigindo aten\u00e7\u00e3o para evitar deslocamentos ou complica\u00e7\u00f5es.<\/p>\n\n\n\n<p>Ivete Sangalo passa bem e segue sob acompanhamento da equipe m\u00e9dica. A expectativa \u00e9 de recupera\u00e7\u00e3o progressiva, respeitando o tempo necess\u00e1rio para cicatriza\u00e7\u00e3o completa da mand\u00edbula. A alta hospitalar est\u00e1 prevista para a manh\u00e3 desta ter\u00e7a-feira (3).<\/p>\n\n\n\n<p><\/p>","protected":false},"excerpt":{"rendered":"<p>Cantora desmaiou em casa e precisou ser hospitalizada. <\/p>","protected":false},"author":2,"featured_media":245298,"comment_status":"closed","ping_status":"closed","sticky":false,"template":"","format":"standard","meta":{"footnotes":""},"categories":[1],"tags":[],"class_list":["post-292850","post","type-post","status-publish","format-standard","has-post-thumbnail","hentry","category-fire2"],"_links":{"self":[{"href":"https:\/\/portalpopmais.com.br\/en\/wp-json\/wp\/v2\/posts\/292850","targetHints":{"allow":["GET"]}}],"collection":[{"href":"https:\/\/portalpopmais.com.br\/en\/wp-json\/wp\/v2\/posts"}],"about":[{"href":"https:\/\/portalpopmais.com.br\/en\/wp-json\/wp\/v2\/types\/post"}],"author":[{"embeddable":true,"href":"https:\/\/portalpopmais.com.br\/en\/wp-json\/wp\/v2\/users\/2"}],"replies":[{"embeddable":true,"href":"https:\/\/portalpopmais.com.br\/en\/wp-json\/wp\/v2\/comments?post=292850"}],"version-history":[{"count":0,"href":"https:\/\/portalpopmais.com.br\/en\/wp-json\/wp\/v2\/posts\/292850\/revisions"}],"wp:featuredmedia":[{"embeddable":true,"href":"https:\/\/portalpopmais.com.br\/en\/wp-json\/wp\/v2\/media\/245298"}],"wp:attachment":[{"href":"https:\/\/portalpopmais.com.br\/en\/wp-json\/wp\/v2\/media?parent=292850"}],"wp:term":[{"taxonomy":"category","embeddable":true,"href":"https:\/\/portalpopmais.com.br\/en\/wp-json\/wp\/v2\/categories?post=292850"},{"taxonomy":"post_tag","embeddable":true,"href":"https:\/\/portalpopmais.com.br\/en\/wp-json\/wp\/v2\/tags?post=292850"}],"curies":[{"name":"wp","href":"https:\/\/api.w.org\/{rel}","templated":true}]}}