{"id":293044,"date":"2026-03-04T09:37:00","date_gmt":"2026-03-04T12:37:00","guid":{"rendered":"https:\/\/portalpopmais.com.br\/?p=293044"},"modified":"2026-03-04T09:38:39","modified_gmt":"2026-03-04T12:38:39","slug":"susana-vieira-e-acionada-na-justica-por-divida-de-iptu-e-taxa-do-lixo","status":"publish","type":"post","link":"https:\/\/portalpopmais.com.br\/en\/susana-vieira-e-acionada-na-justica-por-divida-de-iptu-e-taxa-do-lixo\/","title":{"rendered":"Susana Vieira \u00e9 acionada na Justi\u00e7a por d\u00edvida de IPTU e taxa do lixo"},"content":{"rendered":"<p>A atriz Susana Vieira voltou a ser alvo de cobran\u00e7a judicial no munic\u00edpio de Arma\u00e7\u00e3o dos B\u00fazios, na Regi\u00e3o dos Lagos. A Prefeitura da cidade entrou com uma a\u00e7\u00e3o para cobrar uma d\u00edvida de <strong>R$ 6.110,40<\/strong> relacionada ao <strong>IPTU e \u00e0 taxa de coleta de lixo<\/strong> de um im\u00f3vel da artista.<\/p>\n\n\n\n<p>A a\u00e7\u00e3o de execu\u00e7\u00e3o fiscal foi registrada no dia <strong>15 de janeiro<\/strong>. No processo, a atriz aparece com seu nome de batismo, <strong>S\u00f4nia Maria Vieira Gon\u00e7alves<\/strong>.<\/p>\n\n\n<div class=\"wp-block-image\">\n<figure class=\"aligncenter size-large\"><img loading=\"lazy\" decoding=\"async\" width=\"1170\" height=\"694\" src=\"https:\/\/portalpopmais.com.br\/wp-content\/uploads\/2024\/05\/susana-vieira-causa-ao-falar-de-contrato-vitalicio-com-a-globo_8477-1170x694.jpeg\" alt=\"susana vieira\" class=\"wp-image-209762\" title=\"\" srcset=\"https:\/\/portalpopmais.com.br\/wp-content\/uploads\/2024\/05\/susana-vieira-causa-ao-falar-de-contrato-vitalicio-com-a-globo_8477-1170x694.jpeg 1170w, https:\/\/portalpopmais.com.br\/wp-content\/uploads\/2024\/05\/susana-vieira-causa-ao-falar-de-contrato-vitalicio-com-a-globo_8477-768x456.jpeg 768w\" sizes=\"auto, (max-width: 1170px) 100vw, 1170px\" \/><figcaption class=\"wp-element-caption\">A atriz Susana Vieira &#8211; Foto: Reprodu\u00e7\u00e3o<\/figcaption><\/figure>\n<\/div>\n\n\n<p><strong>Veja tamb\u00e9m:<\/strong><\/p>\n\n\n\n<ul class=\"wp-block-list\">\n<li><a href=\"https:\/\/portalpopmais.com.br\/en\/susana-vieira-opina-sobre-influenciadores-em-novelas-e-detona-a-maioria-e-ruim\/\">Susana Vieira opina sobre influenciadores em novelas e detona: \u2018A maioria \u00e9 ruim\u2019<\/a><\/li>\n\n\n\n<li><a href=\"https:\/\/portalpopmais.com.br\/en\/susana-vieira-namoro-virtual\/\">Susana Vieira revela ser adepta ao namoro virtual<\/a><\/li>\n<\/ul>\n\n\n\n<p>A cobran\u00e7a refere-se aos <strong>anos de 2023 e 2024<\/strong> e est\u00e1 vinculada a um im\u00f3vel localizado no bairro de <strong>Manguinhos<\/strong>, em B\u00fazios. O d\u00e9bito foi formalizado por meio de uma <strong>Certid\u00e3o de D\u00edvida Ativa<\/strong>, documento emitido quando o pagamento de tributos n\u00e3o \u00e9 realizado dentro do prazo legal.<\/p>\n\n\n\n<p>De acordo com a a\u00e7\u00e3o, o munic\u00edpio solicita que a atriz seja <strong>citada para quitar o valor em at\u00e9 cinco dias<\/strong> ou apresentar alguma garantia judicial. Caso o pagamento n\u00e3o seja feito, a Prefeitura pede autoriza\u00e7\u00e3o para <strong>bloquear contas banc\u00e1rias<\/strong> e, se necess\u00e1rio, localizar <strong>ve\u00edculos ou outros bens<\/strong> para garantir o recebimento da quantia.<\/p>\n\n\n\n<p>Essa n\u00e3o \u00e9 a primeira vez que o im\u00f3vel aparece em cobran\u00e7as fiscais. Em <strong>2024<\/strong>, j\u00e1 havia sido noticiada uma d\u00edvida anterior referente aos <strong>anos de 2018 a 2020<\/strong>, tamb\u00e9m ligada \u00e0 mesma propriedade.<\/p>\n\n\n\n<p>O <strong>POP Mais<\/strong> n\u00e3o conseguiu contato com a assessoria da atriz. O espa\u00e7o permanece aberto para manifesta\u00e7\u00f5es.<\/p>\n\n\n\n<h3 class=\"wp-block-heading\">Sobre Susana Vieira<\/h3>\n\n\n\n<p>Susana Vieira, que tem uma longa carreira na televis\u00e3o brasileira, chegou a ser destaque no carnaval de Rio de Janeiro quando desfilou como <strong>rainha de bateria da escola Acad\u00eamicos do Grande Rio<\/strong> no Samb\u00f3dromo da Marqu\u00eas de Sapuca\u00ed, em 2014, ocasi\u00e3o em que foi chamada de \u201cdeusa\u201d por garis durante a concentra\u00e7\u00e3o do desfile.<\/p>","protected":false},"excerpt":{"rendered":"<p>Prefeitura cobra R$ 6,1 mil referentes aos anos de 2023 e 2024 e pede bloqueio de bens caso o valor n\u00e3o seja quitado.<\/p>","protected":false},"author":2,"featured_media":293045,"comment_status":"closed","ping_status":"closed","sticky":false,"template":"","format":"standard","meta":{"footnotes":""},"categories":[173],"tags":[18550,9975],"class_list":["post-293044","post","type-post","status-publish","format-standard","has-post-thumbnail","hentry","category-celebridades","tag-destaque","tag-susana-vieira"],"_links":{"self":[{"href":"https:\/\/portalpopmais.com.br\/en\/wp-json\/wp\/v2\/posts\/293044","targetHints":{"allow":["GET"]}}],"collection":[{"href":"https:\/\/portalpopmais.com.br\/en\/wp-json\/wp\/v2\/posts"}],"about":[{"href":"https:\/\/portalpopmais.com.br\/en\/wp-json\/wp\/v2\/types\/post"}],"author":[{"embeddable":true,"href":"https:\/\/portalpopmais.com.br\/en\/wp-json\/wp\/v2\/users\/2"}],"replies":[{"embeddable":true,"href":"https:\/\/portalpopmais.com.br\/en\/wp-json\/wp\/v2\/comments?post=293044"}],"version-history":[{"count":0,"href":"https:\/\/portalpopmais.com.br\/en\/wp-json\/wp\/v2\/posts\/293044\/revisions"}],"wp:featuredmedia":[{"embeddable":true,"href":"https:\/\/portalpopmais.com.br\/en\/wp-json\/wp\/v2\/media\/293045"}],"wp:attachment":[{"href":"https:\/\/portalpopmais.com.br\/en\/wp-json\/wp\/v2\/media?parent=293044"}],"wp:term":[{"taxonomy":"category","embeddable":true,"href":"https:\/\/portalpopmais.com.br\/en\/wp-json\/wp\/v2\/categories?post=293044"},{"taxonomy":"post_tag","embeddable":true,"href":"https:\/\/portalpopmais.com.br\/en\/wp-json\/wp\/v2\/tags?post=293044"}],"curies":[{"name":"wp","href":"https:\/\/api.w.org\/{rel}","templated":true}]}}