{"id":293146,"date":"2026-03-04T14:46:35","date_gmt":"2026-03-04T17:46:35","guid":{"rendered":"https:\/\/portalpopmais.com.br\/?p=293146"},"modified":"2026-03-04T14:46:38","modified_gmt":"2026-03-04T17:46:38","slug":"netinho-de-paula-lanca-single-pretinho-carente-veja-letra","status":"publish","type":"post","link":"https:\/\/portalpopmais.com.br\/en\/netinho-de-paula-lanca-single-pretinho-carente-veja-letra\/","title":{"rendered":"Netinho de Paula lan\u00e7a single \u201cPretinho Carente\u201d; veja letra"},"content":{"rendered":"<p>O cantor e compositor <strong>Netinho de Paula<\/strong> acaba de lan\u00e7ar o single \u201cPretinho Carente\u201d, j\u00e1 dispon\u00edvel nas principais plataformas digitais. A m\u00fasica chega ao p\u00fablico pela gravadora Radar Records e integra o projeto especial \u201cJuntos e Misturados\u201d.<\/p>\n\n\n\n<p>Embora tenha sido gravada originalmente em 2008, a can\u00e7\u00e3o recebe agora seu lan\u00e7amento oficial. Com uma interpreta\u00e7\u00e3o marcada pela emo\u00e7\u00e3o, \u201cPretinho Carente\u201d apresenta uma letra sens\u00edvel que aborda sentimentos de solid\u00e3o e o desejo de encontrar um amor verdadeiro, trazendo uma narrativa intimista que dialoga com experi\u00eancias afetivas universais.<\/p>\n\n\n\n<p>O lan\u00e7amento faz parte do cronograma do projeto \u201cJuntos e Misturados\u201d, iniciativa que re\u00fane m\u00fasicas guardadas ao longo da trajet\u00f3ria art\u00edstica de Netinho de Paula. A proposta do projeto \u00e9 resgatar essas composi\u00e7\u00f5es e apresent\u00e1-las ao p\u00fablico em vers\u00f5es oficiais nas plataformas digitais.<\/p>\n\n\n\n<p>Com uma carreira consolidada na m\u00fasica brasileira, Netinho de Paula acumula milh\u00f5es de reprodu\u00e7\u00f5es em servi\u00e7os de streaming e segue como um dos nomes conhecidos do g\u00eanero, mantendo uma base fiel de f\u00e3s ao longo dos anos.<\/p>\n\n\n\n<p>O single \u201cPretinho Carente\u201d j\u00e1 est\u00e1 dispon\u00edvel para audi\u00e7\u00e3o em plataformas como Spotify, Deezer e Amazon Music.<\/p>\n\n\n\n<figure class=\"wp-block-embed is-type-video is-provider-youtube wp-block-embed-youtube wp-embed-aspect-4-3 wp-has-aspect-ratio\"><div class=\"wp-block-embed__wrapper\">\n<iframe loading=\"lazy\" title=\"Pretinho Carente\" width=\"880\" height=\"660\" src=\"https:\/\/www.youtube.com\/embed\/H4p5HTjicEw?feature=oembed\" frameborder=\"0\" allow=\"accelerometer; autoplay; clipboard-write; encrypted-media; gyroscope; picture-in-picture; web-share\" referrerpolicy=\"strict-origin-when-cross-origin\" allowfullscreen><\/iframe>\n<\/div><\/figure>\n\n\n\n<h3 class=\"wp-block-heading\">Letra Pretinho Carente &#8211; Netinho de Paula<\/h3>\n\n\n\n<p>Sei que \u00e9 dif\u00edcil, mas eu vou encontrar<br>Um algu\u00e9m<br>Pra viver<br>Um amor pra valer<\/p>\n\n\n\n<p>Eu n\u00e3o t\u00f4 maluco, sei que tem por a\u00cd<br>Pensamentos assim<br>Como o meu, como o meu<\/p>\n\n\n\n<p>Quero namorada de pracinha e de cinema<br>Quero aquele tempo de namoro mais fiel<br>Quero aquela boca de beija e arrepiar<br>Quero na verdade um amor pra eternizar<\/p>\n\n\n\n<p>Quero algu\u00e9m<br>Que possa cuidar<br>De um pretinho carente que chora<br>Sem ningu\u00e9m, sem ningu\u00e9m<\/p>\n\n\n\n<p>Quero algu\u00e9m<br>Que possa me dar<br>Um carinho que mande embora<\/p>","protected":false},"excerpt":{"rendered":"<p>O cantor e compositor Netinho de Paula acaba de lan\u00e7ar o single \u201cPretinho Carente\u201d, j\u00e1 dispon\u00edvel nas principais plataformas digitais. A m\u00fasica chega ao p\u00fablico pela gravadora Radar Records e integra o projeto especial \u201cJuntos e Misturados\u201d. Embora tenha sido gravada originalmente em 2008, a can\u00e7\u00e3o recebe agora seu lan\u00e7amento oficial. Com uma interpreta\u00e7\u00e3o marcada [&hellip;]<\/p>\n","protected":false},"author":2,"featured_media":293148,"comment_status":"closed","ping_status":"closed","sticky":false,"template":"","format":"standard","meta":{"footnotes":""},"categories":[154],"tags":[7771],"class_list":["post-293146","post","type-post","status-publish","format-standard","has-post-thumbnail","hentry","category-musica","tag-netinho-de-paula"],"_links":{"self":[{"href":"https:\/\/portalpopmais.com.br\/en\/wp-json\/wp\/v2\/posts\/293146","targetHints":{"allow":["GET"]}}],"collection":[{"href":"https:\/\/portalpopmais.com.br\/en\/wp-json\/wp\/v2\/posts"}],"about":[{"href":"https:\/\/portalpopmais.com.br\/en\/wp-json\/wp\/v2\/types\/post"}],"author":[{"embeddable":true,"href":"https:\/\/portalpopmais.com.br\/en\/wp-json\/wp\/v2\/users\/2"}],"replies":[{"embeddable":true,"href":"https:\/\/portalpopmais.com.br\/en\/wp-json\/wp\/v2\/comments?post=293146"}],"version-history":[{"count":0,"href":"https:\/\/portalpopmais.com.br\/en\/wp-json\/wp\/v2\/posts\/293146\/revisions"}],"wp:featuredmedia":[{"embeddable":true,"href":"https:\/\/portalpopmais.com.br\/en\/wp-json\/wp\/v2\/media\/293148"}],"wp:attachment":[{"href":"https:\/\/portalpopmais.com.br\/en\/wp-json\/wp\/v2\/media?parent=293146"}],"wp:term":[{"taxonomy":"category","embeddable":true,"href":"https:\/\/portalpopmais.com.br\/en\/wp-json\/wp\/v2\/categories?post=293146"},{"taxonomy":"post_tag","embeddable":true,"href":"https:\/\/portalpopmais.com.br\/en\/wp-json\/wp\/v2\/tags?post=293146"}],"curies":[{"name":"wp","href":"https:\/\/api.w.org\/{rel}","templated":true}]}}