{"id":29321,"date":"2019-07-18T11:59:03","date_gmt":"2019-07-18T14:59:03","guid":{"rendered":"http:\/\/popmais.com.br\/?p=29321"},"modified":"2019-07-18T11:59:03","modified_gmt":"2019-07-18T14:59:03","slug":"ariana-da-a-entender-que-cancao-descartada-she-got-her-own-estara-na-trilha-sonora-de-as-panteras","status":"publish","type":"post","link":"https:\/\/portalpopmais.com.br\/en\/ariana-da-a-entender-que-cancao-descartada-she-got-her-own-estara-na-trilha-sonora-de-as-panteras\/","title":{"rendered":"Ariana d\u00e1 a entender que can\u00e7\u00e3o descartada, &#8220;She Got Her Own&#8221;, estar\u00e1 na trilha sonora de &#8220;As Panteras&#8221;"},"content":{"rendered":"<p>Ao que tudo indica al\u00e9m de <em>&#8220;Don&#8217;t Call Me Angel&#8221;<\/em>, can\u00e7\u00e3o conjunta de <strong>Ariana Grande<\/strong> com <strong>Miley Cyrus<\/strong> e <strong>Lana Del Rey<\/strong>, outra can\u00e7\u00e3o deve estar na trilha sonora do <em>reboot<\/em> do filme <em>&#8220;As Panteras&#8221;<\/em>.<\/p>\n<p>Em suas redes sociais Ariana publicou um print ouvindo uma m\u00fasica intitulada de <em>&#8220;Got Her Own&#8221;<\/em> com <em>emojis<\/em> de anjos, al\u00e9m disso\u00a0 cantora mencionou o perfil oficial do longa. Um fato curioso \u00e9 que Ariana j\u00e1 chegou a performar a can\u00e7\u00e3o, de 2016, em um de seus shows, mas nunca chegou a lan\u00e7ar a m\u00fasica, por mais que dissesse algumas vezes que iria lan\u00e7\u00e1-la.<\/p>\n<p><img loading=\"lazy\" decoding=\"async\" class=\"aligncenter\" src=\"https:\/\/assets.papelpop.com\/wp-content\/uploads\/2019\/07\/WhatsApp-Image-2019-07-16-at-20.02.24-454x807.jpeg\" width=\"364\" height=\"647\" alt=\"\" title=\"\"><\/p>\n<p>Vale lembrar que recentemente as tr\u00eas cantoras foram flagrados em um set de grava\u00e7\u00e3o do videoclipe de <em>&#8220;Don&#8217;t Call Me Angel&#8221;<\/em>, que at\u00e9 o momento n\u00e3o teve sua data de estreia divulgada.<\/p>\n<blockquote class=\"wp-embedded-content\" data-secret=\"dCjc7wzoSh\"><p><a href=\"https:\/\/popmais.com.br\/ariana-grande-miley-cyrus-e-lana-del-rey-sao-vistas-gravando-clipe-de-dont-call-me-angel\/\" target=\"_blank\" rel=\"noopener\">Ariana Grande Miley Cyrus e Lana Del Rey  s\u00e3o vistas gravando clipe de &#8220;Don\u2019t Call Me Angel&#8221;<\/a><\/p><\/blockquote>\n<p><iframe loading=\"lazy\" title=\"&#8220;Ariana Grande Miley Cyrus e Lana Del Rey  s\u00e3o vistas gravando clipe de &#8220;Don\u2019t Call Me Angel&#8221;&#8221; &#8212; POP Mais\" class=\"wp-embedded-content\" sandbox=\"allow-scripts\" security=\"restricted\" style=\"position: absolute; clip: rect(1px, 1px, 1px, 1px);\" src=\"https:\/\/popmais.com.br\/ariana-grande-miley-cyrus-e-lana-del-rey-sao-vistas-gravando-clipe-de-dont-call-me-angel\/embed\/#?secret=dCjc7wzoSh\" data-secret=\"dCjc7wzoSh\" width=\"600\" height=\"338\" frameborder=\"0\" marginwidth=\"0\" marginheight=\"0\" scrolling=\"no\"><\/iframe><\/p>","protected":false},"excerpt":{"rendered":"<p>Ao que tudo indica al\u00e9m de &#8220;Don&#8217;t Call Me Angel&#8221;, can\u00e7\u00e3o conjunta de Ariana Grande com Miley Cyrus e Lana Del Rey, outra can\u00e7\u00e3o deve estar na trilha sonora do reboot do filme &#8220;As Panteras&#8221;. Em suas redes sociais Ariana publicou um print ouvindo uma m\u00fasica intitulada de &#8220;Got Her Own&#8221; com emojis de anjos, [&hellip;]<\/p>\n","protected":false},"author":2,"featured_media":29323,"comment_status":"open","ping_status":"open","sticky":false,"template":"","format":"standard","meta":{"footnotes":""},"categories":[154],"tags":[21],"class_list":["post-29321","post","type-post","status-publish","format-standard","has-post-thumbnail","hentry","category-musica","tag-ariana-grande"],"_links":{"self":[{"href":"https:\/\/portalpopmais.com.br\/en\/wp-json\/wp\/v2\/posts\/29321","targetHints":{"allow":["GET"]}}],"collection":[{"href":"https:\/\/portalpopmais.com.br\/en\/wp-json\/wp\/v2\/posts"}],"about":[{"href":"https:\/\/portalpopmais.com.br\/en\/wp-json\/wp\/v2\/types\/post"}],"author":[{"embeddable":true,"href":"https:\/\/portalpopmais.com.br\/en\/wp-json\/wp\/v2\/users\/2"}],"replies":[{"embeddable":true,"href":"https:\/\/portalpopmais.com.br\/en\/wp-json\/wp\/v2\/comments?post=29321"}],"version-history":[{"count":0,"href":"https:\/\/portalpopmais.com.br\/en\/wp-json\/wp\/v2\/posts\/29321\/revisions"}],"wp:attachment":[{"href":"https:\/\/portalpopmais.com.br\/en\/wp-json\/wp\/v2\/media?parent=29321"}],"wp:term":[{"taxonomy":"category","embeddable":true,"href":"https:\/\/portalpopmais.com.br\/en\/wp-json\/wp\/v2\/categories?post=29321"},{"taxonomy":"post_tag","embeddable":true,"href":"https:\/\/portalpopmais.com.br\/en\/wp-json\/wp\/v2\/tags?post=29321"}],"curies":[{"name":"wp","href":"https:\/\/api.w.org\/{rel}","templated":true}]}}