{"id":293314,"date":"2026-03-05T14:00:00","date_gmt":"2026-03-05T17:00:00","guid":{"rendered":"https:\/\/portalpopmais.com.br\/?p=293314"},"modified":"2026-03-05T13:26:34","modified_gmt":"2026-03-05T16:26:34","slug":"lucas-lima-reclama-de-ser-ex-de-sandy-e-desabafa-troco-doido-isso","status":"publish","type":"post","link":"https:\/\/portalpopmais.com.br\/en\/lucas-lima-reclama-de-ser-ex-de-sandy-e-desabafa-troco-doido-isso\/","title":{"rendered":"Lucas Lima reclama de ser ex de Sandy e desabafa: &#8220;Tro\u00e7o doido isso\u201d"},"content":{"rendered":"<p>O m\u00fasico Lucas Lima, de 43 anos, usou as redes sociais nesta quarta-feira (4) para desabafar sobre a forma como vem sendo mencionado pela m\u00eddia e pelo p\u00fablico. Segundo ele, muitas publica\u00e7\u00f5es passaram a identific\u00e1-lo apenas como \u201cex-marido de Sandy\u201d, deixando de lado sua trajet\u00f3ria art\u00edstica.<\/p>\n\n\n\n<p>O coment\u00e1rio surgiu ap\u00f3s o artista compartilhar uma imagem antiga de uma capa da revista Capricho, publicada em 1999. Na \u00e9poca, ele aparecia como destaque da edi\u00e7\u00e3o, que trazia uma entrevista sobre sua carreira musical e seu relacionamento com a cantora.<\/p>\n\n\n\n<p>Na legenda da publica\u00e7\u00e3o, Lucas demonstrou inc\u00f4modo com a mudan\u00e7a na forma como passou a ser identificado.<br>\u201cDeixa eu repostar isso logo porque h\u00e1 tr\u00eas dias todo mundo est\u00e1 me encaminhando\u201d, escreveu. Em seguida, completou: \u201cMuito louco que, em 1999, quando escreviam sobre mim, tinha at\u00e9 o nome da minha banda! Hoje nem meu nome botam mais, s\u00f3 \u2018ex\u2019. Tro\u00e7o doido isso\u201d.<\/p>\n\n\n\n<h3 class=\"wp-block-heading\">Relacionamento de mais de duas d\u00e9cadas<\/h3>\n\n\n\n<p>Lucas Lima e Sandy tiveram um relacionamento marcado por idas e vindas ao longo de 24 anos. O casal come\u00e7ou a namorar ainda jovem e, ap\u00f3s nove anos de relacionamento, oficializou a uni\u00e3o em 2008.<\/p>\n\n\n\n<p>O casamento durou 15 anos e chegou ao fim em setembro de 2023, quando os dois anunciaram a separa\u00e7\u00e3o por meio de um comunicado conjunto nas redes sociais. Juntos, eles s\u00e3o pais de Theo, atualmente com 12 anos.<\/p>\n\n\n\n<p>Ap\u00f3s o t\u00e9rmino, ambos seguiram novos caminhos na vida pessoal. Lucas Lima iniciou um relacionamento com a publicit\u00e1ria e fot\u00f3grafa Nina Forlin, enquanto Sandy passou a namorar o m\u00e9dico nutr\u00f3logo Pedro de Andrade.<\/p>","protected":false},"excerpt":{"rendered":"<p>O m\u00fasico Lucas Lima, de 43 anos, usou as redes sociais nesta quarta-feira (4) para desabafar sobre a forma como vem sendo mencionado pela m\u00eddia e pelo p\u00fablico. Segundo ele, muitas publica\u00e7\u00f5es passaram a identific\u00e1-lo apenas como \u201cex-marido de Sandy\u201d, deixando de lado sua trajet\u00f3ria art\u00edstica. O coment\u00e1rio surgiu ap\u00f3s o artista compartilhar uma imagem [&hellip;]<\/p>\n","protected":false},"author":2,"featured_media":293315,"comment_status":"closed","ping_status":"closed","sticky":false,"template":"","format":"standard","meta":{"footnotes":""},"categories":[173],"tags":[15713,334],"class_list":["post-293314","post","type-post","status-publish","format-standard","has-post-thumbnail","hentry","category-celebridades","tag-lucas-lima","tag-sandy"],"_links":{"self":[{"href":"https:\/\/portalpopmais.com.br\/en\/wp-json\/wp\/v2\/posts\/293314","targetHints":{"allow":["GET"]}}],"collection":[{"href":"https:\/\/portalpopmais.com.br\/en\/wp-json\/wp\/v2\/posts"}],"about":[{"href":"https:\/\/portalpopmais.com.br\/en\/wp-json\/wp\/v2\/types\/post"}],"author":[{"embeddable":true,"href":"https:\/\/portalpopmais.com.br\/en\/wp-json\/wp\/v2\/users\/2"}],"replies":[{"embeddable":true,"href":"https:\/\/portalpopmais.com.br\/en\/wp-json\/wp\/v2\/comments?post=293314"}],"version-history":[{"count":0,"href":"https:\/\/portalpopmais.com.br\/en\/wp-json\/wp\/v2\/posts\/293314\/revisions"}],"wp:featuredmedia":[{"embeddable":true,"href":"https:\/\/portalpopmais.com.br\/en\/wp-json\/wp\/v2\/media\/293315"}],"wp:attachment":[{"href":"https:\/\/portalpopmais.com.br\/en\/wp-json\/wp\/v2\/media?parent=293314"}],"wp:term":[{"taxonomy":"category","embeddable":true,"href":"https:\/\/portalpopmais.com.br\/en\/wp-json\/wp\/v2\/categories?post=293314"},{"taxonomy":"post_tag","embeddable":true,"href":"https:\/\/portalpopmais.com.br\/en\/wp-json\/wp\/v2\/tags?post=293314"}],"curies":[{"name":"wp","href":"https:\/\/api.w.org\/{rel}","templated":true}]}}