{"id":293364,"date":"2026-03-06T07:38:01","date_gmt":"2026-03-06T10:38:01","guid":{"rendered":"https:\/\/portalpopmais.com.br\/?p=293364"},"modified":"2026-03-06T07:38:03","modified_gmt":"2026-03-06T10:38:03","slug":"magreza-de-demi-moore-chama-atencao-nas-redes-sociais-e-gera-preocupacao-entre-fas","status":"publish","type":"post","link":"https:\/\/portalpopmais.com.br\/en\/magreza-de-demi-moore-chama-atencao-nas-redes-sociais-e-gera-preocupacao-entre-fas\/","title":{"rendered":"Magreza de Demi Moore chama aten\u00e7\u00e3o nas redes sociais e gera preocupa\u00e7\u00e3o entre f\u00e3s"},"content":{"rendered":"<p>A atriz <strong>Demi Moore<\/strong> voltou a chamar aten\u00e7\u00e3o nas redes sociais ap\u00f3s publicar fotos de sua participa\u00e7\u00e3o no Screen Actors Guild Awards. Al\u00e9m do novo visual com cabelo curto, a <strong>magreza da artista de 63 anos gerou preocupa\u00e7\u00e3o entre f\u00e3s<\/strong> e iniciou um debate nas redes sociais.<\/p>\n\n\n\n<p>Com mais de <strong>6 milh\u00f5es de seguidores no Instagram<\/strong>, Demi compartilhou registros do look usado na premia\u00e7\u00e3o realizada em Los Angeles. As imagens rapidamente viralizaram e provocaram uma onda de coment\u00e1rios de internautas que demonstraram preocupa\u00e7\u00e3o com a silhueta da atriz.<\/p>\n\n\n\n<p>Entre as mensagens publicadas na rede social, alguns seguidores afirmaram que a atriz estaria <strong>magra demais<\/strong> e pediram que ela cuidasse da sa\u00fade. \u201cSou muito f\u00e3, mas isso \u00e9 definitivamente preocupante\u201d, escreveu um usu\u00e1rio. Outro comentou: \u201cVoc\u00ea \u00e9 linda, mas est\u00e1 magra demais agora\u201d.<\/p>\n\n\n\n<p>Houve tamb\u00e9m quem alertasse sobre a influ\u00eancia de padr\u00f5es est\u00e9ticos na ind\u00fastria do entretenimento. \u201cPor favor, Demi, pare de se orgulhar tanto de ser t\u00e3o magra. As meninas nunca deveriam se inspirar nisso\u201d, disse uma seguidora.<\/p>\n\n\n\n<figure class=\"wp-block-image size-full\"><img loading=\"lazy\" decoding=\"async\" width=\"1000\" height=\"611\" src=\"https:\/\/portalpopmais.com.br\/wp-content\/uploads\/2026\/03\/image-99.png\" alt=\"\" class=\"wp-image-293366\" title=\"\" srcset=\"https:\/\/portalpopmais.com.br\/wp-content\/uploads\/2026\/03\/image-99.png 1000w, https:\/\/portalpopmais.com.br\/wp-content\/uploads\/2026\/03\/image-99-768x469.png 768w, https:\/\/portalpopmais.com.br\/wp-content\/uploads\/2026\/03\/image-99-18x12.png 18w\" sizes=\"auto, (max-width: 1000px) 100vw, 1000px\" \/><\/figure>\n\n\n\n<h3 class=\"wp-block-heading\">Debate nas redes sobre sa\u00fade e envelhecimento<\/h3>\n\n\n\n<p>A discuss\u00e3o entre os internautas chegou a mencionar a <strong>Sarcopenia<\/strong>, condi\u00e7\u00e3o caracterizada pela perda progressiva de massa muscular, for\u00e7a e fun\u00e7\u00e3o f\u00edsica, frequentemente associada ao envelhecimento e que pode ser agravada por sedentarismo ou m\u00e1 alimenta\u00e7\u00e3o.<\/p>\n\n\n\n<p>N\u00e3o \u00e9 a primeira vez que a apar\u00eancia f\u00edsica da atriz vira assunto nas redes. Ao longo dos anos, a magreza de Demi Moore j\u00e1 foi tema de debate entre f\u00e3s e especialistas.<\/p>\n\n\n\n<h3 class=\"wp-block-heading\">Apari\u00e7\u00f5es recentes aumentaram especula\u00e7\u00f5es<\/h3>\n\n\n\n<p>Nos \u00faltimos meses, novas apari\u00e7\u00f5es p\u00fablicas da atriz voltaram a gerar coment\u00e1rios sobre sua forma f\u00edsica. Alguns internautas especulam que a artista possa estar seguindo <strong>dietas muito rigorosas<\/strong> ou sofrendo press\u00e3o da ind\u00fastria do entretenimento para manter uma apar\u00eancia jovem.<\/p>\n\n\n\n<p>At\u00e9 o momento, <strong>Demi Moore n\u00e3o comentou publicamente<\/strong> sobre as cr\u00edticas ou sobre os coment\u00e1rios relacionados \u00e0 sua apar\u00eancia.<\/p>","protected":false},"excerpt":{"rendered":"<p>Atriz de 63 anos recebeu diversos coment\u00e1rios ap\u00f3s publicar fotos do visual no SAG Awards em seu Instagram.<\/p>","protected":false},"author":2,"featured_media":293365,"comment_status":"closed","ping_status":"closed","sticky":false,"template":"","format":"standard","meta":{"footnotes":""},"categories":[173],"tags":[18712,18550],"class_list":["post-293364","post","type-post","status-publish","format-standard","has-post-thumbnail","hentry","category-celebridades","tag-demi-moore","tag-destaque"],"_links":{"self":[{"href":"https:\/\/portalpopmais.com.br\/en\/wp-json\/wp\/v2\/posts\/293364","targetHints":{"allow":["GET"]}}],"collection":[{"href":"https:\/\/portalpopmais.com.br\/en\/wp-json\/wp\/v2\/posts"}],"about":[{"href":"https:\/\/portalpopmais.com.br\/en\/wp-json\/wp\/v2\/types\/post"}],"author":[{"embeddable":true,"href":"https:\/\/portalpopmais.com.br\/en\/wp-json\/wp\/v2\/users\/2"}],"replies":[{"embeddable":true,"href":"https:\/\/portalpopmais.com.br\/en\/wp-json\/wp\/v2\/comments?post=293364"}],"version-history":[{"count":0,"href":"https:\/\/portalpopmais.com.br\/en\/wp-json\/wp\/v2\/posts\/293364\/revisions"}],"wp:featuredmedia":[{"embeddable":true,"href":"https:\/\/portalpopmais.com.br\/en\/wp-json\/wp\/v2\/media\/293365"}],"wp:attachment":[{"href":"https:\/\/portalpopmais.com.br\/en\/wp-json\/wp\/v2\/media?parent=293364"}],"wp:term":[{"taxonomy":"category","embeddable":true,"href":"https:\/\/portalpopmais.com.br\/en\/wp-json\/wp\/v2\/categories?post=293364"},{"taxonomy":"post_tag","embeddable":true,"href":"https:\/\/portalpopmais.com.br\/en\/wp-json\/wp\/v2\/tags?post=293364"}],"curies":[{"name":"wp","href":"https:\/\/api.w.org\/{rel}","templated":true}]}}