{"id":293439,"date":"2026-03-06T13:24:53","date_gmt":"2026-03-06T16:24:53","guid":{"rendered":"https:\/\/portalpopmais.com.br\/?p=293439"},"modified":"2026-03-06T13:24:58","modified_gmt":"2026-03-06T16:24:58","slug":"ator-francisco-vitti-relata-tentativa-de-assalto-durante-passeio-com-cachorro-no-rio","status":"publish","type":"post","link":"https:\/\/portalpopmais.com.br\/en\/ator-francisco-vitti-relata-tentativa-de-assalto-durante-passeio-com-cachorro-no-rio\/","title":{"rendered":"Ator Francisco Vitti relata tentativa de assalto durante passeio com cachorro no Rio"},"content":{"rendered":"<p>O ator Francisco Vitti, de 28 anos, relatou nas redes sociais que sofreu uma tentativa de assalto na noite de quinta-feira (5) no bairro de Botafogo, na zona sul do Rio de Janeiro. O epis\u00f3dio ocorreu por volta das 19h, enquanto ele caminhava pela regi\u00e3o com seu cachorro, chamado Banana.<\/p>\n\n\n\n<p>Em v\u00eddeos publicados nos Stories do Instagram, o artista contou que estava ouvindo m\u00fasica com fones de ouvido quando percebeu um homem caminhando em sua dire\u00e7\u00e3o e aparentemente observando seus movimentos. Segundo ele, a situa\u00e7\u00e3o inicialmente n\u00e3o chamou aten\u00e7\u00e3o, j\u00e1 que \u00e9 comum encontrar pessoas desconhecidas circulando pelo bairro.<\/p>\n\n\n<div class=\"wp-block-image\">\n<figure class=\"aligncenter size-full\"><img loading=\"lazy\" decoding=\"async\" width=\"600\" height=\"373\" src=\"https:\/\/portalpopmais.com.br\/wp-content\/uploads\/2026\/03\/image-112.png\" alt=\"\" class=\"wp-image-293441\" title=\"\" srcset=\"https:\/\/portalpopmais.com.br\/wp-content\/uploads\/2026\/03\/image-112.png 600w, https:\/\/portalpopmais.com.br\/wp-content\/uploads\/2026\/03\/image-112-18x12.png 18w\" sizes=\"auto, (max-width: 600px) 100vw, 600px\" \/><figcaption class=\"wp-element-caption\">Francisco Vitti &#8211; Foto: Reprodu\u00e7\u00e3o\/Instagram<\/figcaption><\/figure>\n<\/div>\n\n\n<p>Francisco explicou que chegou a pensar que o homem pudesse apenas pedir alguma informa\u00e7\u00e3o, algo que diz acontecer com frequ\u00eancia. No entanto, ao se aproximar, o suspeito anunciou o assalto.<\/p>\n\n\n\n<p>\u201cEle parou na minha frente, eu falei \u2018tudo bem?\u2019. A\u00ed ele falou: \u2018Perdeu, perdeu, passa tudo, bora, passa\u2019. Com uma m\u00e3o meio troncha, por fora da camisa, como se estivesse segurando alguma coisa\u201d, relatou o ator.<\/p>\n\n\n\n<p>De acordo com Vitti, ele decidiu guardar o celular no bolso e observar o movimento da rua antes de reagir. Ao notar que havia um grande fluxo de pessoas no local, resolveu atravessar a rua.<\/p>\n\n\n\n<p>Ainda segundo o relato, o suspeito chegou a fazer uma amea\u00e7a. \u201cEle falou: \u2018Se tu tentar qualquer gracinha, eu vou estourar a sua cabe\u00e7a\u2019. A\u00ed o Banana estava na coleira, eu olhando no olho dele assim, comecei a atravessar a rua. Atravessei, o moleque virou de costas e foi embora\u201d, contou.<\/p>\n\n\n\n<p>Apesar do susto, o ator afirmou que a situa\u00e7\u00e3o terminou sem maiores consequ\u00eancias.<\/p>\n\n\n\n<p>Francisco tamb\u00e9m relembrou outro epis\u00f3dio de inseguran\u00e7a que viveu no mesmo bairro em uma ocasi\u00e3o anterior. Segundo ele, caminhava \u00e0 noite com um amigo quando ambos foram abordados por um homem armado que estava em uma bicicleta. Ap\u00f3s revistar os bolsos dos dois, o suspeito acabou indo embora sem levar nada.<\/p>\n\n\n\n<p>O ator \u00e9 irm\u00e3o do tamb\u00e9m ator Rafael Vitti e costuma compartilhar momentos do dia a dia nas redes sociais.<\/p>","protected":false},"excerpt":{"rendered":"<p>Ator contou nas redes sociais que foi abordado por um homem em Botafogo, mas suspeito desistiu da a\u00e7\u00e3o<\/p>","protected":false},"author":2,"featured_media":293440,"comment_status":"closed","ping_status":"closed","sticky":false,"template":"","format":"standard","meta":{"footnotes":""},"categories":[173],"tags":[12296],"class_list":["post-293439","post","type-post","status-publish","format-standard","has-post-thumbnail","hentry","category-celebridades","tag-francisco-vitti"],"_links":{"self":[{"href":"https:\/\/portalpopmais.com.br\/en\/wp-json\/wp\/v2\/posts\/293439","targetHints":{"allow":["GET"]}}],"collection":[{"href":"https:\/\/portalpopmais.com.br\/en\/wp-json\/wp\/v2\/posts"}],"about":[{"href":"https:\/\/portalpopmais.com.br\/en\/wp-json\/wp\/v2\/types\/post"}],"author":[{"embeddable":true,"href":"https:\/\/portalpopmais.com.br\/en\/wp-json\/wp\/v2\/users\/2"}],"replies":[{"embeddable":true,"href":"https:\/\/portalpopmais.com.br\/en\/wp-json\/wp\/v2\/comments?post=293439"}],"version-history":[{"count":0,"href":"https:\/\/portalpopmais.com.br\/en\/wp-json\/wp\/v2\/posts\/293439\/revisions"}],"wp:featuredmedia":[{"embeddable":true,"href":"https:\/\/portalpopmais.com.br\/en\/wp-json\/wp\/v2\/media\/293440"}],"wp:attachment":[{"href":"https:\/\/portalpopmais.com.br\/en\/wp-json\/wp\/v2\/media?parent=293439"}],"wp:term":[{"taxonomy":"category","embeddable":true,"href":"https:\/\/portalpopmais.com.br\/en\/wp-json\/wp\/v2\/categories?post=293439"},{"taxonomy":"post_tag","embeddable":true,"href":"https:\/\/portalpopmais.com.br\/en\/wp-json\/wp\/v2\/tags?post=293439"}],"curies":[{"name":"wp","href":"https:\/\/api.w.org\/{rel}","templated":true}]}}