{"id":293896,"date":"2026-03-10T07:28:40","date_gmt":"2026-03-10T10:28:40","guid":{"rendered":"https:\/\/portalpopmais.com.br\/?p=293896"},"modified":"2026-03-10T07:29:35","modified_gmt":"2026-03-10T10:29:35","slug":"pocah-troca-beijos-com-novo-namorado-em-hidromassagem-durante-viagem-romantica","status":"publish","type":"post","link":"https:\/\/portalpopmais.com.br\/en\/pocah-troca-beijos-com-novo-namorado-em-hidromassagem-durante-viagem-romantica\/","title":{"rendered":"Pocah troca beijos com novo namorado em hidromassagem durante viagem rom\u00e2ntica"},"content":{"rendered":"<p>A cantora Pocah, de 31 anos, compartilhou momentos rom\u00e2nticos ao lado do novo namorado, o empres\u00e1rio e ex-jogador de futebol Arthur Pelagio, de 26, durante uma viagem a dois em Al\u00e9m Para\u00edba, em Minas Gerais. Os registros foram publicados nas redes sociais do casal na \u00faltima segunda-feira (9).<\/p>\n\n\n\n<p>Nos v\u00eddeos divulgados, os dois aparecem hospedados em um chal\u00e9 cercado pela natureza e aproveitam um momento de relaxamento em uma banheira de hidromassagem. Abra\u00e7ados, Pocah e Arthur trocam beijos dentro da \u00e1gua enquanto curtem o clima rom\u00e2ntico. A cantora escolheu a m\u00fasica <strong>\u201cMais Feliz\u201d<\/strong>, de Zeca Pagodinho, como trilha sonora para o momento.<\/p>\n\n\n<div class=\"wp-block-image\">\n<figure class=\"aligncenter size-full\"><img loading=\"lazy\" decoding=\"async\" width=\"1000\" height=\"1778\" src=\"https:\/\/portalpopmais.com.br\/wp-content\/uploads\/2026\/03\/image-205.png\" alt=\"Pocah e Arthur Pelagio \u2014 Foto: Reprodu\u00e7\u00e3o\/Instagram\" class=\"wp-image-293897\" title=\"\" srcset=\"https:\/\/portalpopmais.com.br\/wp-content\/uploads\/2026\/03\/image-205.png 1000w, https:\/\/portalpopmais.com.br\/wp-content\/uploads\/2026\/03\/image-205-768x1366.png 768w, https:\/\/portalpopmais.com.br\/wp-content\/uploads\/2026\/03\/image-205-864x1536.png 864w, https:\/\/portalpopmais.com.br\/wp-content\/uploads\/2026\/03\/image-205-7x12.png 7w\" sizes=\"auto, (max-width: 1000px) 100vw, 1000px\" \/><figcaption class=\"wp-element-caption\">Pocah e Arthur Pelagio \u2014 Foto: Reprodu\u00e7\u00e3o\/Instagram<br><\/figcaption><\/figure>\n<\/div>\n\n\n<p>O relacionamento entre os dois j\u00e1 vinha sendo comentado desde o in\u00edcio do ano. Durante o Carnaval, em fevereiro, o casal foi visto em diversas ocasi\u00f5es em clima de romance. Em uma das publica\u00e7\u00f5es, Arthur compartilhou fotos beijando a cantora e fez uma declara\u00e7\u00e3o: \u201cVoc\u00ea \u00e9 minha certeza\u201d.<\/p>\n\n\n\n<p>Este \u00e9 o primeiro relacionamento assumido publicamente por Pocah desde o fim de seu noivado com o empres\u00e1rio Ronan Souza, anunciado em novembro do ano passado ap\u00f3s seis anos de relacionamento.<\/p>\n\n\n\n<p>Os primeiros rumores sobre o romance com Arthur surgiram em dezembro, quando os dois foram vistos juntos durante o show \u201cTardezinha\u201d, de Thiaguinho, no Rio de Janeiro. Pouco depois, passaram a virada do ano em Fernando de Noronha.<\/p>\n\n\n\n<p>Desde ent\u00e3o, o casal tem sido visto em diversos momentos juntos, incluindo em um espa\u00e7o VIP do Carnaval na Marqu\u00eas de Sapuca\u00ed, onde tamb\u00e9m foram fotografados aos beijos.<\/p>\n\n\n\n<p>Na ocasi\u00e3o, Pocah comentou sobre o novo momento na vida amorosa e disse estar vivendo uma fase feliz. Segundo a cantora, apesar de o relacionamento ser recente, ela se sente muito bem ao lado do empres\u00e1rio e tem aproveitado a nova fase<\/p>\n\n\n<div class=\"wp-block-image\">\n<figure class=\"aligncenter size-full\"><img loading=\"lazy\" decoding=\"async\" width=\"1000\" height=\"1778\" src=\"https:\/\/portalpopmais.com.br\/wp-content\/uploads\/2026\/03\/image-206.png\" alt=\"Pocah e Arthur Pelagio \u2014 Foto: Reprodu\u00e7\u00e3o\/Instagram\" class=\"wp-image-293898\" title=\"\" srcset=\"https:\/\/portalpopmais.com.br\/wp-content\/uploads\/2026\/03\/image-206.png 1000w, https:\/\/portalpopmais.com.br\/wp-content\/uploads\/2026\/03\/image-206-768x1366.png 768w, https:\/\/portalpopmais.com.br\/wp-content\/uploads\/2026\/03\/image-206-864x1536.png 864w, https:\/\/portalpopmais.com.br\/wp-content\/uploads\/2026\/03\/image-206-7x12.png 7w\" sizes=\"auto, (max-width: 1000px) 100vw, 1000px\" \/><figcaption class=\"wp-element-caption\">Pocah e Arthur Pelagio \u2014 Foto: Reprodu\u00e7\u00e3o\/Instagram<br><\/figcaption><\/figure>\n<\/div>","protected":false},"excerpt":{"rendered":"<p>Cantora compartilhou momentos de intimidade com o empres\u00e1rio Arthur Pelagio em um chal\u00e9 em Minas Gerais.<\/p>","protected":false},"author":2,"featured_media":293899,"comment_status":"closed","ping_status":"closed","sticky":false,"template":"","format":"standard","meta":{"footnotes":""},"categories":[173],"tags":[191],"class_list":["post-293896","post","type-post","status-publish","format-standard","has-post-thumbnail","hentry","category-celebridades","tag-pocah"],"_links":{"self":[{"href":"https:\/\/portalpopmais.com.br\/en\/wp-json\/wp\/v2\/posts\/293896","targetHints":{"allow":["GET"]}}],"collection":[{"href":"https:\/\/portalpopmais.com.br\/en\/wp-json\/wp\/v2\/posts"}],"about":[{"href":"https:\/\/portalpopmais.com.br\/en\/wp-json\/wp\/v2\/types\/post"}],"author":[{"embeddable":true,"href":"https:\/\/portalpopmais.com.br\/en\/wp-json\/wp\/v2\/users\/2"}],"replies":[{"embeddable":true,"href":"https:\/\/portalpopmais.com.br\/en\/wp-json\/wp\/v2\/comments?post=293896"}],"version-history":[{"count":0,"href":"https:\/\/portalpopmais.com.br\/en\/wp-json\/wp\/v2\/posts\/293896\/revisions"}],"wp:featuredmedia":[{"embeddable":true,"href":"https:\/\/portalpopmais.com.br\/en\/wp-json\/wp\/v2\/media\/293899"}],"wp:attachment":[{"href":"https:\/\/portalpopmais.com.br\/en\/wp-json\/wp\/v2\/media?parent=293896"}],"wp:term":[{"taxonomy":"category","embeddable":true,"href":"https:\/\/portalpopmais.com.br\/en\/wp-json\/wp\/v2\/categories?post=293896"},{"taxonomy":"post_tag","embeddable":true,"href":"https:\/\/portalpopmais.com.br\/en\/wp-json\/wp\/v2\/tags?post=293896"}],"curies":[{"name":"wp","href":"https:\/\/api.w.org\/{rel}","templated":true}]}}