{"id":293902,"date":"2026-03-10T07:33:23","date_gmt":"2026-03-10T10:33:23","guid":{"rendered":"https:\/\/portalpopmais.com.br\/?p=293902"},"modified":"2026-03-10T07:33:27","modified_gmt":"2026-03-10T10:33:27","slug":"defesa-orienta-goleiro-bruno-a-nao-se-apresentar-apos-ordem-de-prisao-da-justica-do-rj","status":"publish","type":"post","link":"https:\/\/portalpopmais.com.br\/en\/defesa-orienta-goleiro-bruno-a-nao-se-apresentar-apos-ordem-de-prisao-da-justica-do-rj\/","title":{"rendered":"Defesa orienta goleiro Bruno a n\u00e3o se apresentar ap\u00f3s ordem de pris\u00e3o da Justi\u00e7a do RJ"},"content":{"rendered":"<p>A defesa do goleiro Bruno Fernandes informou nesta segunda-feira (9) que pretende recorrer da decis\u00e3o da Justi\u00e7a do Rio de Janeiro que <a href=\"https:\/\/portalpopmais.com.br\/en\/mae-de-eliza-samudio-se-pronuncia-apos-justica-mandar-prender-novamente-o-goleiro-bruno\/\">determinou a pris\u00e3o do ex-jogador por suposto descumprimento das regras do livramento condicional<\/a>. At\u00e9 que a situa\u00e7\u00e3o seja analisada judicialmente, os advogados orientaram que ele n\u00e3o se apresente \u00e0s autoridades.<\/p>\n\n\n\n<p>Segundo a advogada Mariana Migliorini, a apresenta\u00e7\u00e3o imediata poderia levar Bruno a cumprir pena em regime mais rigoroso do que o previsto.<\/p>\n\n\n<div class=\"wp-block-image\">\n<figure class=\"aligncenter size-full\"><img loading=\"lazy\" decoding=\"async\" width=\"984\" height=\"663\" src=\"https:\/\/portalpopmais.com.br\/wp-content\/uploads\/2026\/03\/Bruno-foi-condenado-a-mais-de-22-anos-de-prisao-pelo-homicidio-da-modelo-Eliza-Samudio-Reproducao.png\" alt=\"Bruno foi condenado a mais de 22 anos de pris\u00e3o pelo homic\u00eddio da modelo Eliza Samudio Reprodu\u00e7\u00e3o\" class=\"wp-image-293903\" title=\"\" srcset=\"https:\/\/portalpopmais.com.br\/wp-content\/uploads\/2026\/03\/Bruno-foi-condenado-a-mais-de-22-anos-de-prisao-pelo-homicidio-da-modelo-Eliza-Samudio-Reproducao.png 984w, https:\/\/portalpopmais.com.br\/wp-content\/uploads\/2026\/03\/Bruno-foi-condenado-a-mais-de-22-anos-de-prisao-pelo-homicidio-da-modelo-Eliza-Samudio-Reproducao-768x517.png 768w, https:\/\/portalpopmais.com.br\/wp-content\/uploads\/2026\/03\/Bruno-foi-condenado-a-mais-de-22-anos-de-prisao-pelo-homicidio-da-modelo-Eliza-Samudio-Reproducao-18x12.png 18w\" sizes=\"auto, (max-width: 984px) 100vw, 984px\" \/><figcaption class=\"wp-element-caption\">Bruno foi condenado a mais de 22 anos de pris\u00e3o pelo homic\u00eddio da modelo Eliza Samudio &#8211; Foto: Reprodu\u00e7\u00e3o<\/figcaption><\/figure>\n<\/div>\n\n\n<p><strong>Veja tamb\u00e9m:<\/strong><\/p>\n\n\n\n<ul class=\"wp-block-list\">\n<li><a href=\"https:\/\/portalpopmais.com.br\/en\/mae-de-eliza-samudio-se-pronuncia-apos-justica-mandar-prender-novamente-o-goleiro-bruno\/\">M\u00e3e de Eliza Samudio se pronuncia ap\u00f3s Justi\u00e7a mandar prender novamente o goleiro Bruno<\/a><\/li>\n\n\n\n<li><a href=\"https:\/\/portalpopmais.com.br\/en\/filho-de-eliza-samudio-completa-16-anos-e-recebe-homenagem-emocionante-da-avo\/\">Filho de Eliza Samudio completa 16 anos e recebe homenagem emocionante da av\u00f3<\/a><\/li>\n<\/ul>\n\n\n\n<p>\u201cSe ele se apresentar agora, pode acabar ficando em regime fechado como se fosse semiaberto, o que entendemos ser uma medida irregular\u201d, afirmou.<\/p>\n\n\n\n<p>De acordo com a Justi\u00e7a, o ex-goleiro teria violado as condi\u00e7\u00f5es impostas ao benef\u00edcio ao viajar para o Acre no dia 15 de fevereiro sem autoriza\u00e7\u00e3o judicial. A decis\u00e3o aponta que Bruno estava proibido de deixar o estado do Rio de Janeiro.<\/p>\n\n\n\n<p>Diante da suposta infra\u00e7\u00e3o, a Vara de Execu\u00e7\u00f5es Penais do Rio determinou, na \u00faltima semana, a revoga\u00e7\u00e3o do livramento condicional e expediu um mandado de pris\u00e3o contra o ex-atleta, estabelecendo o retorno ao regime semiaberto.<\/p>\n\n\n\n<p>A defesa, no entanto, contesta a decis\u00e3o e afirma que Bruno vinha cumprindo regularmente todas as exig\u00eancias impostas desde a concess\u00e3o do benef\u00edcio. Segundo os advogados, ao longo dos \u00faltimos tr\u00eas anos ele compareceu ao patronato sempre que solicitado, manteve endere\u00e7o atualizado e seguiu as condi\u00e7\u00f5es estabelecidas pela Justi\u00e7a.<\/p>\n\n\n\n<p>Os advogados tamb\u00e9m questionam o fato de a cerim\u00f4nia formal de concess\u00e3o do livramento condicional n\u00e3o ter sido realizada. De acordo com a defesa, algumas das regras impostas ao ex-jogador seriam mais r\u00edgidas do que as previstas para esse tipo de benef\u00edcio, funcionando na pr\u00e1tica como um regime semiaberto domiciliar.<\/p>\n\n\n\n<p>Al\u00e9m do recurso contra a decis\u00e3o, a defesa pretende solicitar a transfer\u00eancia da execu\u00e7\u00e3o da pena para S\u00e3o Pedro da Aldeia, na Regi\u00e3o dos Lagos do Rio, onde Bruno reside atualmente.<\/p>\n\n\n\n<p>Bruno Fernandes foi condenado em 2013 a mais de 22 anos de pris\u00e3o pelo assassinato da modelo Eliza Samudio. Ele passou a cumprir livramento condicional em 2023.<\/p>","protected":false},"excerpt":{"rendered":"<p>Advogados afirmam que v\u00e3o recorrer da decis\u00e3o que revogou o livramento condicional do ex-jogador.<\/p>","protected":false},"author":2,"featured_media":147425,"comment_status":"closed","ping_status":"closed","sticky":false,"template":"","format":"standard","meta":{"footnotes":""},"categories":[173],"tags":[12035],"class_list":["post-293902","post","type-post","status-publish","format-standard","has-post-thumbnail","hentry","category-celebridades","tag-goleiro-bruno"],"_links":{"self":[{"href":"https:\/\/portalpopmais.com.br\/en\/wp-json\/wp\/v2\/posts\/293902","targetHints":{"allow":["GET"]}}],"collection":[{"href":"https:\/\/portalpopmais.com.br\/en\/wp-json\/wp\/v2\/posts"}],"about":[{"href":"https:\/\/portalpopmais.com.br\/en\/wp-json\/wp\/v2\/types\/post"}],"author":[{"embeddable":true,"href":"https:\/\/portalpopmais.com.br\/en\/wp-json\/wp\/v2\/users\/2"}],"replies":[{"embeddable":true,"href":"https:\/\/portalpopmais.com.br\/en\/wp-json\/wp\/v2\/comments?post=293902"}],"version-history":[{"count":0,"href":"https:\/\/portalpopmais.com.br\/en\/wp-json\/wp\/v2\/posts\/293902\/revisions"}],"wp:featuredmedia":[{"embeddable":true,"href":"https:\/\/portalpopmais.com.br\/en\/wp-json\/wp\/v2\/media\/147425"}],"wp:attachment":[{"href":"https:\/\/portalpopmais.com.br\/en\/wp-json\/wp\/v2\/media?parent=293902"}],"wp:term":[{"taxonomy":"category","embeddable":true,"href":"https:\/\/portalpopmais.com.br\/en\/wp-json\/wp\/v2\/categories?post=293902"},{"taxonomy":"post_tag","embeddable":true,"href":"https:\/\/portalpopmais.com.br\/en\/wp-json\/wp\/v2\/tags?post=293902"}],"curies":[{"name":"wp","href":"https:\/\/api.w.org\/{rel}","templated":true}]}}