{"id":293945,"date":"2026-03-10T09:35:29","date_gmt":"2026-03-10T12:35:29","guid":{"rendered":"https:\/\/portalpopmais.com.br\/?p=293945"},"modified":"2026-03-10T09:35:32","modified_gmt":"2026-03-10T12:35:32","slug":"karla-sofia-gascon-comenta-polemica-envolvendo-timothee-chalamet-nas-redes-sociais","status":"publish","type":"post","link":"https:\/\/portalpopmais.com.br\/en\/karla-sofia-gascon-comenta-polemica-envolvendo-timothee-chalamet-nas-redes-sociais\/","title":{"rendered":"Karla Sof\u00eda Gasc\u00f3n comenta pol\u00eamica envolvendo Timoth\u00e9e Chalamet nas redes sociais"},"content":{"rendered":"<p>A atriz Karla Sof\u00eda Gasc\u00f3n se manifestou nas redes sociais sobre a pol\u00eamica envolvendo o ator Timoth\u00e9e Chalamet, que recentemente recebeu cr\u00edticas ap\u00f3s coment\u00e1rios sobre bal\u00e9 e \u00f3pera. A rea\u00e7\u00e3o da estrela do filme <em>Emilia P\u00e9rez<\/em> aconteceu em uma publica\u00e7\u00e3o no Instagram e rapidamente repercutiu entre f\u00e3s.<\/p>\n\n\n\n<p>A intera\u00e7\u00e3o come\u00e7ou quando o empres\u00e1rio da atriz, Sandro Rubini, compartilhou um meme relacionado ao ator. Na imagem, o personagem interpretado por Chalamet no filme <em>Marty Supreme<\/em> aparece fazendo uma liga\u00e7\u00e3o fict\u00edcia para Gasc\u00f3n em busca de conselhos, sugerindo que as chances dele no Oscar estariam amea\u00e7adas ap\u00f3s a repercuss\u00e3o negativa das declara\u00e7\u00f5es.<\/p>\n\n\n<div class=\"wp-block-image\">\n<figure class=\"aligncenter size-full\"><img loading=\"lazy\" decoding=\"async\" width=\"1000\" height=\"666\" src=\"https:\/\/portalpopmais.com.br\/wp-content\/uploads\/2025\/12\/Timothee-Chalamet.jpg\" alt=\"Timoth\u00e9e Chalamet\" class=\"wp-image-276923\" title=\"\" srcset=\"https:\/\/portalpopmais.com.br\/wp-content\/uploads\/2025\/12\/Timothee-Chalamet.jpg 1000w, https:\/\/portalpopmais.com.br\/wp-content\/uploads\/2025\/12\/Timothee-Chalamet-768x511.jpg 768w, https:\/\/portalpopmais.com.br\/wp-content\/uploads\/2025\/12\/Timothee-Chalamet-18x12.jpg 18w\" sizes=\"auto, (max-width: 1000px) 100vw, 1000px\" \/><figcaption class=\"wp-element-caption\">Timoth\u00e9e Chalamet &#8211; Foto: Reprodu\u00e7\u00e3o<\/figcaption><\/figure>\n<\/div>\n\n\n<p><strong>Veja tamb\u00e9m:<\/strong><\/p>\n\n\n\n<ul class=\"wp-block-list\">\n<li><a href=\"https:\/\/portalpopmais.com.br\/en\/whoopi-goldberg-critica-timothee-chalamet-apos-comentarios-sobre-bale-e-opera\/\">Whoopi Goldberg critica Timoth\u00e9e Chalamet ap\u00f3s coment\u00e1rios sobre bal\u00e9 e \u00f3pera<\/a><\/li>\n\n\n\n<li><a href=\"https:\/\/portalpopmais.com.br\/en\/michael-b-jordan-ultrapassa-timothee-chalamet-oscar-melhor-ator\/\">Timoth\u00e9e Chalamet perde favoritismo ao Oscar de Melhor Ator ap\u00f3s pol\u00eamica recente; veja quem \u00e9 o novo favorito<\/a><\/li>\n<\/ul>\n\n\n\n<p>\u201cOl\u00e1 Karla, voc\u00ea acha que v\u00e3o me deixar passar pelo tapete vermelho do Oscar?\u201d, dizia o meme, em refer\u00eancia \u00e0s recentes controv\u00e9rsias envolvendo a atriz durante a temporada de premia\u00e7\u00f5es.<\/p>\n\n\n\n<p>Nos coment\u00e1rios da publica\u00e7\u00e3o, Karla Sof\u00eda Gasc\u00f3n respondeu com ironia. \u201cVoc\u00ea \u00e9 uma mulher trans? Ent\u00e3o n\u00e3o se preocupe com isso, Tim\u201d, escreveu. Em seguida, ela acrescentou: \u201cAl\u00e9m disso, adoro sapatilhas de bal\u00e9 e j\u00e1 vi <em>O Fantasma da \u00d3pera<\/em> dez vezes. N\u00e3o sei se isso conta para alguma coisa. Boa sorte com os pr\u00eamios\u201d.<\/p>\n\n\n\n<p>A atriz tamb\u00e9m citou a repercuss\u00e3o de pol\u00eamicas anteriores envolvendo seu nome. \u201cEmbora ningu\u00e9m tenha me visto ou ouvido dizer nada, enquanto todos viram e ouviram voc\u00ea, as pessoas ainda parecem preferir acreditar em tudo o que os malfeitores alegam que eu disse\u201d, afirmou.<\/p>\n\n\n\n<p>A campanha de Karla Sof\u00eda Gasc\u00f3n para o Oscar de 2025 enfrentou turbul\u00eancias ap\u00f3s antigos tweets atribu\u00eddos \u00e0 atriz, considerados racistas e islamof\u00f3bicos, voltarem a circular nas redes sociais semanas antes da cerim\u00f4nia.<\/p>\n\n\n\n<h3 class=\"wp-block-heading\"><strong>Qual \u00e9 a pol\u00eamica envolvendo Timoth\u00e9e Chalamet?<\/strong><\/h3>\n\n\n\n<p>A controv\u00e9rsia come\u00e7ou ap\u00f3s Timoth\u00e9e Chalamet participar de uma conversa p\u00fablica ao lado do ator Matthew McConaughey. Durante o evento, o ator afirmou que n\u00e3o teria interesse em atuar em projetos ligados ao bal\u00e9 ou \u00e0 \u00f3pera, sugerindo que essas formas de arte estariam enfrentando dificuldades para se manter relevantes atualmente.<\/p>\n\n\n<div class=\"wp-block-image\">\n<figure class=\"aligncenter size-large\"><img loading=\"lazy\" decoding=\"async\" width=\"1170\" height=\"694\" src=\"https:\/\/portalpopmais.com.br\/wp-content\/uploads\/2026\/03\/supreme-1170x694.png\" alt=\"Timoth\u00e9e Chalamet em cena de Marty Supreme (2025) \u2014 Foto: Reprodu\u00e7\u00e3o\" class=\"wp-image-293461\" title=\"\" srcset=\"https:\/\/portalpopmais.com.br\/wp-content\/uploads\/2026\/03\/supreme-1170x694.png 1170w, https:\/\/portalpopmais.com.br\/wp-content\/uploads\/2026\/03\/supreme-768x456.png 768w, https:\/\/portalpopmais.com.br\/wp-content\/uploads\/2026\/03\/supreme-18x10.png 18w\" sizes=\"auto, (max-width: 1170px) 100vw, 1170px\" \/><figcaption class=\"wp-element-caption\">Timoth\u00e9e Chalamet em cena de Marty Supreme (2025) \u2014 Foto: Reprodu\u00e7\u00e3o<br><\/figcaption><\/figure>\n<\/div>\n\n\n<p>Depois da repercuss\u00e3o, Chalamet tentou suavizar a declara\u00e7\u00e3o, afirmando que tem \u201ctodo respeito\u201d pelos profissionais dessas \u00e1reas. Em tom de brincadeira, ele tamb\u00e9m comentou que talvez tivesse perdido parte do p\u00fablico ap\u00f3s a fala.<\/p>\n\n\n\n<p>Apesar da tentativa de esclarecimento, a declara\u00e7\u00e3o continuou gerando cr\u00edticas nas redes sociais e tamb\u00e9m entre profissionais ligados ao meio art\u00edstico.<\/p>","protected":false},"excerpt":{"rendered":"<p>Atriz reagiu com ironia ap\u00f3s cr\u00edticas ao ator por declara\u00e7\u00f5es sobre bal\u00e9 e \u00f3pera.<\/p>","protected":false},"author":2,"featured_media":293946,"comment_status":"closed","ping_status":"closed","sticky":false,"template":"","format":"standard","meta":{"footnotes":""},"categories":[173],"tags":[20749,8675],"class_list":["post-293945","post","type-post","status-publish","format-standard","has-post-thumbnail","hentry","category-celebridades","tag-karla-sofia-gascon-3","tag-timothee-chalamet"],"_links":{"self":[{"href":"https:\/\/portalpopmais.com.br\/en\/wp-json\/wp\/v2\/posts\/293945","targetHints":{"allow":["GET"]}}],"collection":[{"href":"https:\/\/portalpopmais.com.br\/en\/wp-json\/wp\/v2\/posts"}],"about":[{"href":"https:\/\/portalpopmais.com.br\/en\/wp-json\/wp\/v2\/types\/post"}],"author":[{"embeddable":true,"href":"https:\/\/portalpopmais.com.br\/en\/wp-json\/wp\/v2\/users\/2"}],"replies":[{"embeddable":true,"href":"https:\/\/portalpopmais.com.br\/en\/wp-json\/wp\/v2\/comments?post=293945"}],"version-history":[{"count":0,"href":"https:\/\/portalpopmais.com.br\/en\/wp-json\/wp\/v2\/posts\/293945\/revisions"}],"wp:featuredmedia":[{"embeddable":true,"href":"https:\/\/portalpopmais.com.br\/en\/wp-json\/wp\/v2\/media\/293946"}],"wp:attachment":[{"href":"https:\/\/portalpopmais.com.br\/en\/wp-json\/wp\/v2\/media?parent=293945"}],"wp:term":[{"taxonomy":"category","embeddable":true,"href":"https:\/\/portalpopmais.com.br\/en\/wp-json\/wp\/v2\/categories?post=293945"},{"taxonomy":"post_tag","embeddable":true,"href":"https:\/\/portalpopmais.com.br\/en\/wp-json\/wp\/v2\/tags?post=293945"}],"curies":[{"name":"wp","href":"https:\/\/api.w.org\/{rel}","templated":true}]}}