{"id":294236,"date":"2026-03-11T15:15:56","date_gmt":"2026-03-11T18:15:56","guid":{"rendered":"https:\/\/portalpopmais.com.br\/?p=294236"},"modified":"2026-03-11T15:15:59","modified_gmt":"2026-03-11T18:15:59","slug":"mc-danilo-boladao-morre-aos-47-anos-apos-infarto-pioneiro-do-funk-na-baixada-santista","status":"publish","type":"post","link":"https:\/\/portalpopmais.com.br\/en\/mc-danilo-boladao-morre-aos-47-anos-apos-infarto-pioneiro-do-funk-na-baixada-santista\/","title":{"rendered":"MC Danilo Bolad\u00e3o morre aos 47 anos ap\u00f3s infarto; pioneiro do funk na Baixada Santista"},"content":{"rendered":"<p>O funkeiro <strong>MC Danilo Bolad\u00e3o<\/strong>, nome art\u00edstico de <strong>Danilo Mariano Le\u00e3o Laureano<\/strong>, morreu na madrugada desta quarta-feira (11), aos 47 anos. Considerado uma das principais refer\u00eancias do funk na <strong>Baixada Santista<\/strong>, o artista sofreu um infarto seguido de paradas card\u00edacas. A morte foi confirmada pela fam\u00edlia por meio das redes sociais.<\/p>\n\n\n\n<p>Natural de <strong>Santos (SP)<\/strong>, Danilo Bolad\u00e3o foi um dos nomes respons\u00e1veis por fortalecer e popularizar o funk na regi\u00e3o litor\u00e2nea de S\u00e3o Paulo a partir do final dos anos 1990. Com uma carreira marcada por d\u00e9cadas de atua\u00e7\u00e3o na cena musical, ele se tornou um dos pioneiros do g\u00eanero no litoral paulista.<\/p>\n\n\n<div class=\"wp-block-image\">\n<figure class=\"aligncenter size-full\"><img loading=\"lazy\" decoding=\"async\" width=\"661\" height=\"661\" src=\"https:\/\/portalpopmais.com.br\/wp-content\/uploads\/2026\/03\/e6xw5w.jpg\" alt=\"e6xw5w\" class=\"wp-image-294234\" title=\"\" srcset=\"https:\/\/portalpopmais.com.br\/wp-content\/uploads\/2026\/03\/e6xw5w.jpg 661w, https:\/\/portalpopmais.com.br\/wp-content\/uploads\/2026\/03\/e6xw5w-150x150.jpg 150w, https:\/\/portalpopmais.com.br\/wp-content\/uploads\/2026\/03\/e6xw5w-12x12.jpg 12w, https:\/\/portalpopmais.com.br\/wp-content\/uploads\/2026\/03\/e6xw5w-600x600.jpg 600w, https:\/\/portalpopmais.com.br\/wp-content\/uploads\/2026\/03\/e6xw5w-100x100.jpg 100w\" sizes=\"auto, (max-width: 661px) 100vw, 661px\" \/><figcaption class=\"wp-element-caption\">Reprodu\u00e7\u00e3o<\/figcaption><\/figure>\n<\/div>\n\n\n<p>H\u00e1 cerca de 20 anos, o m\u00fasico descobriu que tinha <strong>diabetes tipo 1<\/strong>. O diagn\u00f3stico veio em 2005, ap\u00f3s ele procurar atendimento m\u00e9dico devido a fortes dores nas pernas enquanto cortava as unhas dos p\u00e9s. Desde ent\u00e3o, enfrentou diversas complica\u00e7\u00f5es relacionadas \u00e0 doen\u00e7a.<\/p>\n\n\n\n<p>Em 2006, Danilo precisou amputar dois dedos do p\u00e9 direito. Anos depois, em 2017, passou por uma nova amputa\u00e7\u00e3o, desta vez de um terceiro dedo. Em 2021, sofreu necrose causada pela diabetes e perdeu parte do calcanhar esquerdo. J\u00e1 em 2024, voltou a ser internado e teve o ded\u00e3o do mesmo p\u00e9 amputado.<\/p>\n\n\n\n<p>Apesar das dificuldades de sa\u00fade, o funkeiro continuou ativo na m\u00fasica. No in\u00edcio da carreira, integrou uma dupla com o cantor <strong>Fabinho<\/strong>, parceria que ajudou a consolidar o funk na Baixada Santista. Em novembro de 2025, os dois voltaram a se apresentar juntos em um show que celebrou os <strong>30 anos de carreira<\/strong> do artista.<\/p>\n\n\n\n<p>Al\u00e9m do trabalho em dupla, MC Danilo Bolad\u00e3o tamb\u00e9m construiu uma trajet\u00f3ria solo de sucesso, com m\u00fasicas como <strong>\u201cTempo Louco\u201d<\/strong> e <strong>\u201cEu T\u00f4 Ligado\u201d<\/strong>. Recentemente, ele lan\u00e7ou a faixa <strong>\u201cRel\u00edquias\u201d<\/strong> e utilizava as redes sociais para divulgar trechos de novas m\u00fasicas e videoclipes, que estavam previstos para lan\u00e7amento ainda em 2026.<\/p>\n\n\n\n<p>A morte de Danilo Bolad\u00e3o gerou como\u00e7\u00e3o entre f\u00e3s e artistas do funk, que destacaram sua import\u00e2ncia para o crescimento do g\u00eanero na regi\u00e3o e sua contribui\u00e7\u00e3o para a hist\u00f3ria do funk paulista.<\/p>\n\n\n\n<p><\/p>","protected":false},"excerpt":{"rendered":"<p>Artista de Santos enfrentava complica\u00e7\u00f5es da diabetes h\u00e1 anos e foi um dos respons\u00e1veis por popularizar o funk na Baixada Santista desde o fim dos anos 1990.<\/p>","protected":false},"author":2,"featured_media":294235,"comment_status":"closed","ping_status":"closed","sticky":false,"template":"","format":"standard","meta":{"footnotes":""},"categories":[154],"tags":[20861],"class_list":["post-294236","post","type-post","status-publish","format-standard","has-post-thumbnail","hentry","category-musica","tag-danilo-boladao"],"_links":{"self":[{"href":"https:\/\/portalpopmais.com.br\/en\/wp-json\/wp\/v2\/posts\/294236","targetHints":{"allow":["GET"]}}],"collection":[{"href":"https:\/\/portalpopmais.com.br\/en\/wp-json\/wp\/v2\/posts"}],"about":[{"href":"https:\/\/portalpopmais.com.br\/en\/wp-json\/wp\/v2\/types\/post"}],"author":[{"embeddable":true,"href":"https:\/\/portalpopmais.com.br\/en\/wp-json\/wp\/v2\/users\/2"}],"replies":[{"embeddable":true,"href":"https:\/\/portalpopmais.com.br\/en\/wp-json\/wp\/v2\/comments?post=294236"}],"version-history":[{"count":0,"href":"https:\/\/portalpopmais.com.br\/en\/wp-json\/wp\/v2\/posts\/294236\/revisions"}],"wp:featuredmedia":[{"embeddable":true,"href":"https:\/\/portalpopmais.com.br\/en\/wp-json\/wp\/v2\/media\/294235"}],"wp:attachment":[{"href":"https:\/\/portalpopmais.com.br\/en\/wp-json\/wp\/v2\/media?parent=294236"}],"wp:term":[{"taxonomy":"category","embeddable":true,"href":"https:\/\/portalpopmais.com.br\/en\/wp-json\/wp\/v2\/categories?post=294236"},{"taxonomy":"post_tag","embeddable":true,"href":"https:\/\/portalpopmais.com.br\/en\/wp-json\/wp\/v2\/tags?post=294236"}],"curies":[{"name":"wp","href":"https:\/\/api.w.org\/{rel}","templated":true}]}}