{"id":295067,"date":"2026-03-18T19:26:11","date_gmt":"2026-03-18T22:26:11","guid":{"rendered":"https:\/\/portalpopmais.com.br\/?p=295067"},"modified":"2026-03-18T19:26:13","modified_gmt":"2026-03-18T22:26:13","slug":"felipeh-campos-e-internado-em-sao-paulo-com-quadro-grave-de-dengue","status":"publish","type":"post","link":"https:\/\/portalpopmais.com.br\/en\/felipeh-campos-e-internado-em-sao-paulo-com-quadro-grave-de-dengue\/","title":{"rendered":"Felipeh Campos \u00e9 internado em S\u00e3o Paulo com quadro grave de dengue"},"content":{"rendered":"<p>O jornalista e apresentador Felipeh Campos foi internado nesta quarta-feira (18\/3) em um hospital particular na cidade de S\u00e3o Paulo ap\u00f3s apresentar um quadro grave de dengue.<\/p>\n\n\n\n<p>O pr\u00f3prio comunicador confirmou que deu entrada na Benefic\u00eancia Portuguesa, onde permanece sob avalia\u00e7\u00e3o m\u00e9dica e acompanhamento cont\u00ednuo.<\/p>\n\n\n\n<h3 class=\"wp-block-heading\">Queda acentuada de plaquetas preocupa m\u00e9dicos<\/h3>\n\n\n\n<p>De acordo com informa\u00e7\u00f5es divulgadas pelo apresentador, houve uma queda significativa no n\u00edvel de plaquetas, com contagem em apenas 25 mil. Em casos de dengue, esse \u00e9 um dos principais sinais de alerta, j\u00e1 que as plaquetas desempenham papel essencial na coagula\u00e7\u00e3o do sangue.<\/p>\n\n\n\n<p>Quando os n\u00edveis ficam muito baixos, cresce o risco de sangramentos e outras complica\u00e7\u00f5es, podendo exigir monitoramento intensivo. Para efeito de compara\u00e7\u00e3o, valores considerados normais costumam ficar acima de 150 mil, enquanto \u00edndices abaixo de 50 mil j\u00e1 acendem um sinal de preocupa\u00e7\u00e3o.<\/p>\n\n\n\n<p>No caso de Felipeh Campos, a taxa registrada \u00e9 bastante inferior a esse limite, o que refor\u00e7a a gravidade do quadro cl\u00ednico.<\/p>\n\n\n\n<h3 class=\"wp-block-heading\">Estado de sa\u00fade segue em observa\u00e7\u00e3o<\/h3>\n\n\n\n<p>At\u00e9 o momento, n\u00e3o h\u00e1 confirma\u00e7\u00e3o sobre a necessidade de transfer\u00eancia para uma unidade de maior complexidade, como a semi-intensiva. O jornalista segue internado, sob cuidados m\u00e9dicos, enquanto a equipe avalia sua evolu\u00e7\u00e3o.<\/p>\n\n\n\n<p>Felipeh Campos apresenta semanalmente o programa \u201cMelhor da Noite\u201d, exibido \u00e0s quartas-feiras na Band. Em raz\u00e3o da interna\u00e7\u00e3o, ele n\u00e3o participar\u00e1 da edi\u00e7\u00e3o desta semana.<\/p>\n\n\n\n<p><\/p>","protected":false},"excerpt":{"rendered":"<p>O jornalista e apresentador Felipeh Campos foi internado nesta quarta-feira (18\/3) em um hospital particular na cidade de S\u00e3o Paulo ap\u00f3s apresentar um quadro grave de dengue. O pr\u00f3prio comunicador confirmou que deu entrada na Benefic\u00eancia Portuguesa, onde permanece sob avalia\u00e7\u00e3o m\u00e9dica e acompanhamento cont\u00ednuo. Queda acentuada de plaquetas preocupa m\u00e9dicos De acordo com informa\u00e7\u00f5es [&hellip;]<\/p>\n","protected":false},"author":2,"featured_media":295068,"comment_status":"closed","ping_status":"closed","sticky":false,"template":"","format":"standard","meta":{"footnotes":""},"categories":[173],"tags":[11219],"class_list":["post-295067","post","type-post","status-publish","format-standard","has-post-thumbnail","hentry","category-celebridades","tag-felipeh-campos"],"_links":{"self":[{"href":"https:\/\/portalpopmais.com.br\/en\/wp-json\/wp\/v2\/posts\/295067","targetHints":{"allow":["GET"]}}],"collection":[{"href":"https:\/\/portalpopmais.com.br\/en\/wp-json\/wp\/v2\/posts"}],"about":[{"href":"https:\/\/portalpopmais.com.br\/en\/wp-json\/wp\/v2\/types\/post"}],"author":[{"embeddable":true,"href":"https:\/\/portalpopmais.com.br\/en\/wp-json\/wp\/v2\/users\/2"}],"replies":[{"embeddable":true,"href":"https:\/\/portalpopmais.com.br\/en\/wp-json\/wp\/v2\/comments?post=295067"}],"version-history":[{"count":0,"href":"https:\/\/portalpopmais.com.br\/en\/wp-json\/wp\/v2\/posts\/295067\/revisions"}],"wp:featuredmedia":[{"embeddable":true,"href":"https:\/\/portalpopmais.com.br\/en\/wp-json\/wp\/v2\/media\/295068"}],"wp:attachment":[{"href":"https:\/\/portalpopmais.com.br\/en\/wp-json\/wp\/v2\/media?parent=295067"}],"wp:term":[{"taxonomy":"category","embeddable":true,"href":"https:\/\/portalpopmais.com.br\/en\/wp-json\/wp\/v2\/categories?post=295067"},{"taxonomy":"post_tag","embeddable":true,"href":"https:\/\/portalpopmais.com.br\/en\/wp-json\/wp\/v2\/tags?post=295067"}],"curies":[{"name":"wp","href":"https:\/\/api.w.org\/{rel}","templated":true}]}}