{"id":295199,"date":"2026-03-19T16:53:11","date_gmt":"2026-03-19T19:53:11","guid":{"rendered":"https:\/\/portalpopmais.com.br\/?p=295199"},"modified":"2026-03-19T16:53:14","modified_gmt":"2026-03-19T19:53:14","slug":"guitarrista-do-ac-dc-e-hospitalizado-durante-turne-na-america-do-sul","status":"publish","type":"post","link":"https:\/\/portalpopmais.com.br\/en\/guitarrista-do-ac-dc-e-hospitalizado-durante-turne-na-america-do-sul\/","title":{"rendered":"Guitarrista do AC\/DC \u00e9 hospitalizado durante turn\u00ea na Am\u00e9rica do Sul"},"content":{"rendered":"<p>O guitarrista Stevie Young, integrante da lend\u00e1ria banda AC\/DC, foi hospitalizado nesta quinta-feira (19\/3), em Buenos Aires, enquanto o grupo cumpre sua agenda de shows pela Am\u00e9rica do Sul.<\/p>\n\n\n\n<h2 class=\"wp-block-heading\">Turn\u00ea segue com preocupa\u00e7\u00e3o, mas quadro \u00e9 est\u00e1vel<\/h2>\n\n\n\n<p>De acordo com informa\u00e7\u00f5es divulgadas por um porta-voz \u00e0 ag\u00eancia Reuters, o m\u00fasico foi levado a um hospital local por precau\u00e7\u00e3o. Ele est\u00e1 passando por uma s\u00e9rie completa de exames m\u00e9dicos.<\/p>\n\n\n\n<p>\u201cPor um excesso de cautela, ele foi internado em um hospital local\u201d, afirmou o representante.<\/p>\n\n\n\n<p>Apesar da interna\u00e7\u00e3o, o estado de sa\u00fade de Stevie Young \u00e9 considerado bom. Segundo a equipe, o guitarrista est\u00e1 bem e mant\u00e9m o bom humor.<\/p>\n\n\n\n<h2 class=\"wp-block-heading\">Passagem recente pelo Brasil<\/h2>\n\n\n\n<p>Antes de chegar \u00e0 Argentina, o AC\/DC realizou uma s\u00e9rie de apresenta\u00e7\u00f5es no Brasil, todas em S\u00e3o Paulo. Os shows aconteceram nos dias 24 e 28 de fevereiro, al\u00e9m de 4 de mar\u00e7o, reunindo milhares de f\u00e3s.<\/p>\n\n\n\n<h2 class=\"wp-block-heading\">Pr\u00f3ximos shows seguem confirmados<\/h2>\n\n\n\n<p>Na Argentina, a banda ainda tem apresenta\u00e7\u00f5es programadas para os dias 23, 27 e 31 de mar\u00e7o, tamb\u00e9m em Buenos Aires. At\u00e9 o momento, n\u00e3o houve an\u00fancio de cancelamento ou altera\u00e7\u00e3o na agenda.<\/p>\n\n\n\n<p>A expectativa agora \u00e9 pela recupera\u00e7\u00e3o completa do guitarrista e pela continuidade da turn\u00ea sem maiores intercorr\u00eancias.<\/p>\n\n\n\n<p><\/p>","protected":false},"excerpt":{"rendered":"<p>O guitarrista Stevie Young, integrante da lend\u00e1ria banda AC\/DC, foi hospitalizado nesta quinta-feira (19\/3), em Buenos Aires, enquanto o grupo cumpre sua agenda de shows pela Am\u00e9rica do Sul. Turn\u00ea segue com preocupa\u00e7\u00e3o, mas quadro \u00e9 est\u00e1vel De acordo com informa\u00e7\u00f5es divulgadas por um porta-voz \u00e0 ag\u00eancia Reuters, o m\u00fasico foi levado a um hospital [&hellip;]<\/p>\n","protected":false},"author":1,"featured_media":295200,"comment_status":"closed","ping_status":"closed","sticky":false,"template":"","format":"standard","meta":{"footnotes":""},"categories":[154],"tags":[15255],"class_list":["post-295199","post","type-post","status-publish","format-standard","has-post-thumbnail","hentry","category-musica","tag-ac-dc"],"_links":{"self":[{"href":"https:\/\/portalpopmais.com.br\/en\/wp-json\/wp\/v2\/posts\/295199","targetHints":{"allow":["GET"]}}],"collection":[{"href":"https:\/\/portalpopmais.com.br\/en\/wp-json\/wp\/v2\/posts"}],"about":[{"href":"https:\/\/portalpopmais.com.br\/en\/wp-json\/wp\/v2\/types\/post"}],"author":[{"embeddable":true,"href":"https:\/\/portalpopmais.com.br\/en\/wp-json\/wp\/v2\/users\/1"}],"replies":[{"embeddable":true,"href":"https:\/\/portalpopmais.com.br\/en\/wp-json\/wp\/v2\/comments?post=295199"}],"version-history":[{"count":0,"href":"https:\/\/portalpopmais.com.br\/en\/wp-json\/wp\/v2\/posts\/295199\/revisions"}],"wp:featuredmedia":[{"embeddable":true,"href":"https:\/\/portalpopmais.com.br\/en\/wp-json\/wp\/v2\/media\/295200"}],"wp:attachment":[{"href":"https:\/\/portalpopmais.com.br\/en\/wp-json\/wp\/v2\/media?parent=295199"}],"wp:term":[{"taxonomy":"category","embeddable":true,"href":"https:\/\/portalpopmais.com.br\/en\/wp-json\/wp\/v2\/categories?post=295199"},{"taxonomy":"post_tag","embeddable":true,"href":"https:\/\/portalpopmais.com.br\/en\/wp-json\/wp\/v2\/tags?post=295199"}],"curies":[{"name":"wp","href":"https:\/\/api.w.org\/{rel}","templated":true}]}}