{"id":295379,"date":"2026-03-20T14:19:11","date_gmt":"2026-03-20T17:19:11","guid":{"rendered":"https:\/\/portalpopmais.com.br\/?p=295379"},"modified":"2026-03-20T14:19:13","modified_gmt":"2026-03-20T17:19:13","slug":"geracao-de-anjos-aposta-em-mensagem-de-amor-e-empatia-em-novo-lancamento-do-pop-cristao","status":"publish","type":"post","link":"https:\/\/portalpopmais.com.br\/en\/geracao-de-anjos-aposta-em-mensagem-de-amor-e-empatia-em-novo-lancamento-do-pop-cristao\/","title":{"rendered":"Gera\u00e7\u00e3o de Anjos aposta em mensagem de amor e empatia em novo lan\u00e7amento do pop crist\u00e3o"},"content":{"rendered":"<p>A banda <a href=\"https:\/\/youtu.be\/wCu2KdukNlo\" target=\"_blank\" rel=\"noopener\">Gera\u00e7\u00e3o de Anjos<\/a> lan\u00e7ou uma nova m\u00fasica que tem chamado aten\u00e7\u00e3o por sua proposta direta e contracultural: trocar o julgamento pelo amor. A faixa \u201cSeja Luz e Amor\u201d traz uma mensagem simples, mas profunda, ao convidar o p\u00fablico a refletir sobre atitudes cotidianas e a forma como se relaciona com o outro.<\/p>\n\n\n\n<p>A can\u00e7\u00e3o parte da ideia de que todas as pessoas enfrentam batalhas internas invis\u00edveis. A partir disso, a letra prop\u00f5e uma mudan\u00e7a de postura: abandonar cr\u00edticas, evitar julgamentos e escolher amar, inspirando-se nos ensinamentos de Jesus. O refr\u00e3o, curto e marcante, funciona como um mantra que refor\u00e7a esse chamado ao longo da m\u00fasica.<\/p>\n\n\n\n<figure class=\"wp-block-embed is-type-video is-provider-youtube wp-block-embed-youtube wp-embed-aspect-4-3 wp-has-aspect-ratio\"><div class=\"wp-block-embed__wrapper\">\n<iframe loading=\"lazy\" title=\"Seja Luz e Amor\" width=\"880\" height=\"660\" src=\"https:\/\/www.youtube.com\/embed\/wCu2KdukNlo?feature=oembed\" frameborder=\"0\" allow=\"accelerometer; autoplay; clipboard-write; encrypted-media; gyroscope; picture-in-picture; web-share\" referrerpolicy=\"strict-origin-when-cross-origin\" allowfullscreen><\/iframe>\n<\/div><\/figure>\n\n\n\n<p>Com linguagem acess\u00edvel e foco emocional, a faixa se destaca por dialogar com um cen\u00e1rio atual marcado por conflitos, cr\u00edticas r\u00e1pidas e exposi\u00e7\u00e3o nas redes sociais. Nesse contexto, a m\u00fasica surge como uma alternativa que incentiva empatia e compreens\u00e3o.<\/p>\n\n\n\n<p>O compositor Julio C\u00e9sar Mendes Lustosa desenvolveu a letra a partir de momentos de ora\u00e7\u00e3o, mantendo a proposta autoral do projeto. J\u00e1 a produ\u00e7\u00e3o musical utiliza recursos de intelig\u00eancia artificial, assumidos pela banda como ferramenta para ampliar o alcance da mensagem.<\/p>\n\n\n\n<p>A estrat\u00e9gia tem dado resultado. A m\u00fasica vem sendo amplamente compartilhada em plataformas digitais, com milhares de reprodu\u00e7\u00f5es e uso frequente em v\u00eddeos nas redes sociais, indicando forte identifica\u00e7\u00e3o do p\u00fablico com a tem\u00e1tica.<\/p>\n\n\n\n<p>Voltada tamb\u00e9m para igrejas e l\u00edderes religiosos, a faixa tem sido descrita como uma esp\u00e9cie de \u201cmensagem cantada\u201d, capaz de transmitir valores sem a necessidade de discursos formais.<\/p>\n\n\n\n<p>A Gera\u00e7\u00e3o de Anjos integra o cen\u00e1rio do pop crist\u00e3o nacional com uma proposta que une espiritualidade, tecnologia e comunica\u00e7\u00e3o direta. Com produ\u00e7\u00f5es autorais e identidade pr\u00f3pria, o grupo busca levar conte\u00fados de f\u00e9 adaptados \u00e0 linguagem contempor\u00e2nea.<\/p>\n\n\n\n<p>Mais do que uma m\u00fasica, \u201cSeja Luz e Amor\u201d se apresenta como um convite di\u00e1rio \u00e0 mudan\u00e7a de atitude \u2014 uma escolha que, segundo a proposta da banda, precisa ser renovada constantemente.<\/p>","protected":false},"excerpt":{"rendered":"<p>A banda Gera\u00e7\u00e3o de Anjos lan\u00e7ou uma nova m\u00fasica que tem chamado aten\u00e7\u00e3o por sua proposta direta e contracultural: trocar o julgamento pelo amor. A faixa \u201cSeja Luz e Amor\u201d traz uma mensagem simples, mas profunda, ao convidar o p\u00fablico a refletir sobre atitudes cotidianas e a forma como se relaciona com o outro. A [&hellip;]<\/p>\n","protected":false},"author":2,"featured_media":295380,"comment_status":"closed","ping_status":"closed","sticky":false,"template":"","format":"standard","meta":{"footnotes":""},"categories":[1],"tags":[20944],"class_list":["post-295379","post","type-post","status-publish","format-standard","has-post-thumbnail","hentry","category-fire2","tag-geracao-de-anjos"],"_links":{"self":[{"href":"https:\/\/portalpopmais.com.br\/en\/wp-json\/wp\/v2\/posts\/295379","targetHints":{"allow":["GET"]}}],"collection":[{"href":"https:\/\/portalpopmais.com.br\/en\/wp-json\/wp\/v2\/posts"}],"about":[{"href":"https:\/\/portalpopmais.com.br\/en\/wp-json\/wp\/v2\/types\/post"}],"author":[{"embeddable":true,"href":"https:\/\/portalpopmais.com.br\/en\/wp-json\/wp\/v2\/users\/2"}],"replies":[{"embeddable":true,"href":"https:\/\/portalpopmais.com.br\/en\/wp-json\/wp\/v2\/comments?post=295379"}],"version-history":[{"count":0,"href":"https:\/\/portalpopmais.com.br\/en\/wp-json\/wp\/v2\/posts\/295379\/revisions"}],"wp:featuredmedia":[{"embeddable":true,"href":"https:\/\/portalpopmais.com.br\/en\/wp-json\/wp\/v2\/media\/295380"}],"wp:attachment":[{"href":"https:\/\/portalpopmais.com.br\/en\/wp-json\/wp\/v2\/media?parent=295379"}],"wp:term":[{"taxonomy":"category","embeddable":true,"href":"https:\/\/portalpopmais.com.br\/en\/wp-json\/wp\/v2\/categories?post=295379"},{"taxonomy":"post_tag","embeddable":true,"href":"https:\/\/portalpopmais.com.br\/en\/wp-json\/wp\/v2\/tags?post=295379"}],"curies":[{"name":"wp","href":"https:\/\/api.w.org\/{rel}","templated":true}]}}