{"id":295422,"date":"2026-03-21T09:12:28","date_gmt":"2026-03-21T12:12:28","guid":{"rendered":"https:\/\/portalpopmais.com.br\/?p=295422"},"modified":"2026-03-21T09:52:14","modified_gmt":"2026-03-21T12:52:14","slug":"famosos-lamentam-a-morte-de-juca-de-oliveira","status":"publish","type":"post","link":"https:\/\/portalpopmais.com.br\/en\/famosos-lamentam-a-morte-de-juca-de-oliveira\/","title":{"rendered":"Famosos lamentam a morte de Juca de Oliveira"},"content":{"rendered":"<p class=\"wp-block-paragraph\">O ator e escritor <strong>Juca de Oliveira<\/strong> <a href=\"https:\/\/portalpopmais.com.br\/en\/ator-juca-de-oliveira-morre-aos-91-anos\/\">morreu neste s\u00e1bado (21), aos 91 anos<\/a>. Ele estava internado desde o dia 13 de mar\u00e7o na ala card\u00edaca do Hospital S\u00edrio-Liban\u00eas. <\/p>\n\n\n\n<p class=\"wp-block-paragraph\">A morte do artista gerou grande como\u00e7\u00e3o entre f\u00e3s e colegas. Nas redes sociais e tamb\u00e9m na televis\u00e3o, diversas personalidades lamentaram a perda. A apresentadora Maria Beltr\u00e3o destacou a import\u00e2ncia de Juca para a cultura brasileira: \u201cJuca de Oliveira \u00e9 um patrim\u00f4nio do nosso pa\u00eds. \u00cdcone da arte brasileira, foi um grande diretor, ator de teatro e artista completo. Nossos mais sinceros sentimentos \u00e0 fam\u00edlia.\u201d<\/p>\n\n\n\n<p class=\"wp-block-paragraph\">\u201cR.I.P. Juca querido. Uma grande e deliciosa mem\u00f3ria que levo \u00e9 o carism\u00e1tico almo\u00e7o na casa de T\u00f4nia Carrero, nos meados da d\u00e9cada de 1980, quando eu a dirigi.\u201d, disse Gerald Thomas, autor e diretor de teatro.<\/p>\n\n\n\n<p class=\"wp-block-paragraph\">A apresentadora Adriane Galisteu tamb\u00e9m se comoveu com a not\u00edcia do falecimento: \u201cN\u00e3o acredito, que tristeza.\u201d<\/p>\n\n\n\n<p class=\"wp-block-paragraph\">A atriz Elizabeth Savala declarou a admira\u00e7\u00e3o pelo colega: &#8220;uma grande, imensa perda&#8221; e completou dizendo que ele foi &#8220;um dos nossos maiores atores!&#8221;<\/p>\n\n\n\n<p class=\"wp-block-paragraph\"><\/p>\n\n\n\n<h3 class=\"wp-block-heading\">Relembre personagens de Juca de Oliveira<\/h3>\n\n\n\n<figure class=\"wp-block-embed aligncenter is-type-wp-embed is-provider-portal-pop-mais wp-block-embed-portal-pop-mais\"><div class=\"wp-block-embed__wrapper\">\n<blockquote class=\"wp-embedded-content\" data-secret=\"4172b73PFA\"><a href=\"https:\/\/portalpopmais.com.br\/en\/relembre-personagens-marcantes-de-juca-de-oliveira-que-morreu-aos-91-anos\/\">Relembre personagens marcantes de Juca de Oliveira, que morreu aos 91 anos<\/a><\/blockquote><iframe loading=\"lazy\" class=\"wp-embedded-content\" sandbox=\"allow-scripts\" security=\"restricted\" style=\"position: absolute; visibility: hidden;\" title=\"&#8220;Relembre personagens marcantes de Juca de Oliveira, que morreu aos 91 anos&#8221; &#8212; Portal POP Mais\" src=\"https:\/\/portalpopmais.com.br\/relembre-personagens-marcantes-de-juca-de-oliveira-que-morreu-aos-91-anos\/embed\/#?secret=B9141vMI51#?secret=4172b73PFA\" data-secret=\"4172b73PFA\" width=\"600\" height=\"338\" frameborder=\"0\" marginwidth=\"0\" marginheight=\"0\" scrolling=\"no\"><\/iframe>\n<\/div><\/figure>","protected":false},"excerpt":{"rendered":"<p>O ator e escritor Juca de Oliveira morreu neste s\u00e1bado (21), aos 91 anos. Ele estava internado desde o dia 13 de mar\u00e7o na ala card\u00edaca do Hospital S\u00edrio-Liban\u00eas. A morte do artista gerou grande como\u00e7\u00e3o entre f\u00e3s e colegas. Nas redes sociais e tamb\u00e9m na televis\u00e3o, diversas personalidades lamentaram a perda. A apresentadora Maria [&hellip;]<\/p>\n","protected":false},"author":2,"featured_media":295430,"comment_status":"closed","ping_status":"closed","sticky":false,"template":"","format":"standard","meta":{"footnotes":""},"categories":[173],"tags":[20931],"class_list":["post-295422","post","type-post","status-publish","format-standard","has-post-thumbnail","hentry","category-celebridades","tag-juca-de-oliveira"],"_links":{"self":[{"href":"https:\/\/portalpopmais.com.br\/en\/wp-json\/wp\/v2\/posts\/295422","targetHints":{"allow":["GET"]}}],"collection":[{"href":"https:\/\/portalpopmais.com.br\/en\/wp-json\/wp\/v2\/posts"}],"about":[{"href":"https:\/\/portalpopmais.com.br\/en\/wp-json\/wp\/v2\/types\/post"}],"author":[{"embeddable":true,"href":"https:\/\/portalpopmais.com.br\/en\/wp-json\/wp\/v2\/users\/2"}],"replies":[{"embeddable":true,"href":"https:\/\/portalpopmais.com.br\/en\/wp-json\/wp\/v2\/comments?post=295422"}],"version-history":[{"count":0,"href":"https:\/\/portalpopmais.com.br\/en\/wp-json\/wp\/v2\/posts\/295422\/revisions"}],"wp:featuredmedia":[{"embeddable":true,"href":"https:\/\/portalpopmais.com.br\/en\/wp-json\/wp\/v2\/media\/295430"}],"wp:attachment":[{"href":"https:\/\/portalpopmais.com.br\/en\/wp-json\/wp\/v2\/media?parent=295422"}],"wp:term":[{"taxonomy":"category","embeddable":true,"href":"https:\/\/portalpopmais.com.br\/en\/wp-json\/wp\/v2\/categories?post=295422"},{"taxonomy":"post_tag","embeddable":true,"href":"https:\/\/portalpopmais.com.br\/en\/wp-json\/wp\/v2\/tags?post=295422"}],"curies":[{"name":"wp","href":"https:\/\/api.w.org\/{rel}","templated":true}]}}