{"id":295949,"date":"2026-03-26T12:55:24","date_gmt":"2026-03-26T15:55:24","guid":{"rendered":"https:\/\/portalpopmais.com.br\/?p=295949"},"modified":"2026-03-26T12:55:26","modified_gmt":"2026-03-26T15:55:26","slug":"comentarista-ledio-carmona-e-internado-com-infeccao-generalizada","status":"publish","type":"post","link":"https:\/\/portalpopmais.com.br\/en\/comentarista-ledio-carmona-e-internado-com-infeccao-generalizada\/","title":{"rendered":"Comentarista L\u00e9dio Carmona \u00e9 internado com infec\u00e7\u00e3o generalizada"},"content":{"rendered":"<p>O comentarista esportivo <strong><a href=\"https:\/\/portalpopmais.com.br\/en\/trends\/ledio-carmona\/\" data-type=\"post_tag\" data-id=\"20994\">L\u00e9dio Carmona<\/a><\/strong>, do SporTV, foi internado ap\u00f3s desenvolver um quadro grave de infec\u00e7\u00e3o generalizada, conhecida como sepse. A informa\u00e7\u00e3o foi divulgada pelo pr\u00f3prio jornalista nesta quinta-feira (26), por meio de suas redes sociais.<\/p>\n\n\n\n<p>Segundo Carmona, o momento mais cr\u00edtico ocorreu na \u00faltima ter\u00e7a-feira (24), quando ele apresentou febre alta, chegando a 41 \u00b0C, e sinais severos de infec\u00e7\u00e3o. Diante da gravidade do quadro, foi levado \u00e0s pressas para uma unidade de sa\u00fade, onde permanece sob \u0645\u0631\u0627\u0642amento constante.<\/p>\n\n\n\n<p>Apesar do susto, o comentarista informou que seu estado de sa\u00fade \u00e9 est\u00e1vel. Ainda assim, ele destacou que o per\u00edodo tem sido delicado, com sintomas intensos e complica\u00e7\u00f5es durante o tratamento, incluindo altera\u00e7\u00f5es nas taxas cl\u00ednicas e epis\u00f3dios de taquicardia j\u00e1 controlados.<\/p>\n\n\n\n<p>Em relato, Carmona descreveu a situa\u00e7\u00e3o como \u201cdias bem dif\u00edceis\u201d, ressaltando o desconforto da interna\u00e7\u00e3o e as limita\u00e7\u00f5es f\u00edsicas enfrentadas no momento.<\/p>\n\n\n\n<p>O jornalista tamb\u00e9m relembrou problemas de sa\u00fade anteriores, que impactaram seu organismo ao longo dos anos. Ele afirmou que \u00e9 considerado pessoa com defici\u00eancia desde 2012 e que, em 2016, perdeu quase totalmente a vis\u00e3o do olho esquerdo.<\/p>\n\n\n\n<p>Mesmo diante do quadro delicado, Carmona demonstrou otimismo e confian\u00e7a na recupera\u00e7\u00e3o. Em tom bem-humorado, afirmou que pretende superar mais esse desafio, destacando o apoio recebido de amigos, colegas e f\u00e3s.<\/p>\n\n\n\n<p>Durante a interna\u00e7\u00e3o, o comentarista disse que segue acompanhando o futebol \u2014 especialmente os jogos do seu time, o Vasco \u2014 como forma de manter o \u00e2nimo enquanto se recupera.<\/p>","protected":false},"excerpt":{"rendered":"<p>Comentarista esportivo enfrenta quadro de sepse, apresenta melhora e mant\u00e9m otimismo durante recupera\u00e7\u00e3o hospitalar<\/p>","protected":false},"author":1,"featured_media":295950,"comment_status":"closed","ping_status":"closed","sticky":false,"template":"","format":"standard","meta":{"footnotes":""},"categories":[18685,181],"tags":[20994],"class_list":["post-295949","post","type-post","status-publish","format-standard","has-post-thumbnail","hentry","category-esporte","category-televisao","tag-ledio-carmona"],"_links":{"self":[{"href":"https:\/\/portalpopmais.com.br\/en\/wp-json\/wp\/v2\/posts\/295949","targetHints":{"allow":["GET"]}}],"collection":[{"href":"https:\/\/portalpopmais.com.br\/en\/wp-json\/wp\/v2\/posts"}],"about":[{"href":"https:\/\/portalpopmais.com.br\/en\/wp-json\/wp\/v2\/types\/post"}],"author":[{"embeddable":true,"href":"https:\/\/portalpopmais.com.br\/en\/wp-json\/wp\/v2\/users\/1"}],"replies":[{"embeddable":true,"href":"https:\/\/portalpopmais.com.br\/en\/wp-json\/wp\/v2\/comments?post=295949"}],"version-history":[{"count":1,"href":"https:\/\/portalpopmais.com.br\/en\/wp-json\/wp\/v2\/posts\/295949\/revisions"}],"predecessor-version":[{"id":295951,"href":"https:\/\/portalpopmais.com.br\/en\/wp-json\/wp\/v2\/posts\/295949\/revisions\/295951"}],"wp:featuredmedia":[{"embeddable":true,"href":"https:\/\/portalpopmais.com.br\/en\/wp-json\/wp\/v2\/media\/295950"}],"wp:attachment":[{"href":"https:\/\/portalpopmais.com.br\/en\/wp-json\/wp\/v2\/media?parent=295949"}],"wp:term":[{"taxonomy":"category","embeddable":true,"href":"https:\/\/portalpopmais.com.br\/en\/wp-json\/wp\/v2\/categories?post=295949"},{"taxonomy":"post_tag","embeddable":true,"href":"https:\/\/portalpopmais.com.br\/en\/wp-json\/wp\/v2\/tags?post=295949"}],"curies":[{"name":"wp","href":"https:\/\/api.w.org\/{rel}","templated":true}]}}