{"id":295986,"date":"2026-03-26T17:30:05","date_gmt":"2026-03-26T20:30:05","guid":{"rendered":"https:\/\/portalpopmais.com.br\/?p=295986"},"modified":"2026-03-26T17:30:08","modified_gmt":"2026-03-26T20:30:08","slug":"sam-sabba-desponta-como-jovem-talento-multifacetado-no-cenario-artistico","status":"publish","type":"post","link":"https:\/\/portalpopmais.com.br\/en\/sam-sabba-desponta-como-jovem-talento-multifacetado-no-cenario-artistico\/","title":{"rendered":"Sam Sabb\u00e1 desponta como jovem talento multifacetado no cen\u00e1rio art\u00edstico"},"content":{"rendered":"<p>Com apenas alguns anos de trajet\u00f3ria profissional, <a href=\"https:\/\/portalpopmais.com.br\/en\/trends\/sam-sabba\/\" data-type=\"post_tag\" data-id=\"19975\">Sam Sabb\u00e1<\/a> j\u00e1 demonstra maturidade e versatilidade dignas de artistas experientes. Nascido em Manaus, o jovem vem conquistando espa\u00e7o no entretenimento ao atuar como ator, cantor e compositor, construindo uma carreira marcada por intensidade criativa e constante evolu\u00e7\u00e3o.<\/p>\n\n\n\n<p>Desde cedo, Sabb\u00e1 revelou interesse pelo universo art\u00edstico, participando de pe\u00e7as teatrais e apresenta\u00e7\u00f5es musicais ainda na inf\u00e2ncia. Esse envolvimento inicial foi fundamental para o desenvolvimento de suas habilidades, que mais tarde o levariam a buscar oportunidades fora de sua cidade natal e integrar produ\u00e7\u00f5es de maior alcance.<\/p>\n\n\n\n<p>Nos palcos, o artista acumulou experi\u00eancias relevantes em musicais de destaque, interpretando personagens importantes e chamando aten\u00e7\u00e3o pela presen\u00e7a c\u00eanica e desempenho. Sua trajet\u00f3ria inclui participa\u00e7\u00f5es em montagens reconhecidas e projetos dirigidos por nomes consagrados, refor\u00e7ando seu crescimento no teatro musical.<\/p>\n\n\n\n<p>Na televis\u00e3o, tamb\u00e9m conquistou espa\u00e7o ao integrar o elenco de produ\u00e7\u00f5es voltadas ao p\u00fablico jovem, ampliando sua visibilidade e consolidando sua atua\u00e7\u00e3o em diferentes formatos. Essa diversidade de experi\u00eancias evidencia sua capacidade de transitar com naturalidade entre linguagens art\u00edsticas.<\/p>\n\n\n\n<figure class=\"wp-block-embed is-type-video is-provider-youtube wp-block-embed-youtube wp-embed-aspect-16-9 wp-has-aspect-ratio\"><div class=\"wp-block-embed__wrapper\">\n<iframe loading=\"lazy\" title=\"Sam Sabb\u00e1 - Sil\u00eancio que fala\" width=\"880\" height=\"495\" src=\"https:\/\/www.youtube.com\/embed\/u1Y_EvHwC2M?start=18&#038;feature=oembed\" frameborder=\"0\" allow=\"accelerometer; autoplay; clipboard-write; encrypted-media; gyroscope; picture-in-picture; web-share\" referrerpolicy=\"strict-origin-when-cross-origin\" allowfullscreen><\/iframe>\n<\/div><\/figure>\n\n\n\n<p>Paralelamente \u00e0 atua\u00e7\u00e3o, Sam Sabb\u00e1 vem investindo fortemente em sua carreira musical. Autor de suas pr\u00f3prias composi\u00e7\u00f5es, ele tem lan\u00e7ado projetos audiovisuais que exploram temas como desilus\u00f5es amorosas, sentimentos profundos e reflex\u00f5es pessoais. Seus videoclipes se destacam pela est\u00e9tica elaborada, incluindo refer\u00eancias visuais marcantes e at\u00e9 o uso de tecnologias inovadoras na cria\u00e7\u00e3o de cen\u00e1rios e efeitos.<\/p>\n\n\n\n<p>Al\u00e9m de cantar, o jovem artista tamb\u00e9m se dedica ao estudo de instrumentos como guitarra, viol\u00e3o e piano, o que amplia sua autonomia criativa e fortalece sua identidade musical. Seus trabalhos mais recentes evidenciam uma sonoridade contempor\u00e2nea, com influ\u00eancias variadas e uma abordagem sens\u00edvel na constru\u00e7\u00e3o de narrativas.<\/p>\n\n\n\n<p>Com novos projetos em desenvolvimento, incluindo lan\u00e7amentos autorais previstos, Sam Sabb\u00e1 segue determinado a expandir sua presen\u00e7a no cen\u00e1rio art\u00edstico e levar sua arte a um p\u00fablico cada vez maior. Sua trajet\u00f3ria aponta para um futuro promissor, sustentado por talento, disciplina e uma clara paix\u00e3o pela m\u00fasica e pela atua\u00e7\u00e3o.<\/p>","protected":false},"excerpt":{"rendered":"<p>Com apenas alguns anos de trajet\u00f3ria profissional, Sam Sabb\u00e1 j\u00e1 demonstra maturidade e versatilidade dignas de artistas experientes. Nascido em Manaus, o jovem vem conquistando espa\u00e7o no entretenimento ao atuar como ator, cantor e compositor, construindo uma carreira marcada por intensidade criativa e constante evolu\u00e7\u00e3o. Desde cedo, Sabb\u00e1 revelou interesse pelo universo art\u00edstico, participando de [&hellip;]<\/p>\n","protected":false},"author":2,"featured_media":274976,"comment_status":"closed","ping_status":"closed","sticky":false,"template":"","format":"standard","meta":{"footnotes":""},"categories":[11936],"tags":[11937,19975],"class_list":["post-295986","post","type-post","status-publish","format-standard","has-post-thumbnail","hentry","category-groover","tag-groover","tag-sam-sabba"],"_links":{"self":[{"href":"https:\/\/portalpopmais.com.br\/en\/wp-json\/wp\/v2\/posts\/295986","targetHints":{"allow":["GET"]}}],"collection":[{"href":"https:\/\/portalpopmais.com.br\/en\/wp-json\/wp\/v2\/posts"}],"about":[{"href":"https:\/\/portalpopmais.com.br\/en\/wp-json\/wp\/v2\/types\/post"}],"author":[{"embeddable":true,"href":"https:\/\/portalpopmais.com.br\/en\/wp-json\/wp\/v2\/users\/2"}],"replies":[{"embeddable":true,"href":"https:\/\/portalpopmais.com.br\/en\/wp-json\/wp\/v2\/comments?post=295986"}],"version-history":[{"count":1,"href":"https:\/\/portalpopmais.com.br\/en\/wp-json\/wp\/v2\/posts\/295986\/revisions"}],"predecessor-version":[{"id":295987,"href":"https:\/\/portalpopmais.com.br\/en\/wp-json\/wp\/v2\/posts\/295986\/revisions\/295987"}],"wp:featuredmedia":[{"embeddable":true,"href":"https:\/\/portalpopmais.com.br\/en\/wp-json\/wp\/v2\/media\/274976"}],"wp:attachment":[{"href":"https:\/\/portalpopmais.com.br\/en\/wp-json\/wp\/v2\/media?parent=295986"}],"wp:term":[{"taxonomy":"category","embeddable":true,"href":"https:\/\/portalpopmais.com.br\/en\/wp-json\/wp\/v2\/categories?post=295986"},{"taxonomy":"post_tag","embeddable":true,"href":"https:\/\/portalpopmais.com.br\/en\/wp-json\/wp\/v2\/tags?post=295986"}],"curies":[{"name":"wp","href":"https:\/\/api.w.org\/{rel}","templated":true}]}}