{"id":295999,"date":"2026-03-26T17:44:48","date_gmt":"2026-03-26T20:44:48","guid":{"rendered":"https:\/\/portalpopmais.com.br\/?p=295999"},"modified":"2026-03-26T17:48:28","modified_gmt":"2026-03-26T20:48:28","slug":"taylor-lautner-anuncia-sera-pai","status":"publish","type":"post","link":"https:\/\/portalpopmais.com.br\/en\/taylor-lautner-anuncia-sera-pai\/","title":{"rendered":"Taylor Lautner, astro de &#8216;Crep\u00fasculo&#8217;, anuncia que ser\u00e1 pai pela primeira vez"},"content":{"rendered":"<p>O ator Taylor Lautner, conhecido por interpretar Jacob na franquia Saga Crep\u00fasculo, anunciou que ser\u00e1 pai pela primeira vez e surpreendeu os f\u00e3s com a novidade.<\/p>\n\n\n\n<p>A revela\u00e7\u00e3o foi feita nas redes sociais, em uma publica\u00e7\u00e3o ao lado da esposa, tamb\u00e9m chamada Taylor Lautner, que \u00e9 conhecida como Tay Lautner. O casal compartilhou o momento com bom humor, destacando a coincid\u00eancia dos nomes.<\/p>\n\n\n\n<p>Na legenda, o ator brincou com a situa\u00e7\u00e3o ao escrever: \u201cO que \u00e9 melhor do que dois Taylor Lautners?\u201d, arrancando rea\u00e7\u00f5es animadas dos seguidores.<\/p>\n\n\n\n<p>A not\u00edcia rapidamente repercutiu entre os f\u00e3s, que celebraram a nova fase do artista, marcando um momento especial na vida pessoal do ator.<\/p>\n\n\n<div class=\"wp-block-image\">\n<figure class=\"aligncenter size-full\"><img loading=\"lazy\" decoding=\"async\" width=\"1000\" height=\"1333\" src=\"https:\/\/portalpopmais.com.br\/wp-content\/uploads\/2026\/03\/image-434.png\" alt=\"image\" class=\"wp-image-296000\" title=\"\" srcset=\"https:\/\/portalpopmais.com.br\/wp-content\/uploads\/2026\/03\/image-434.png 1000w, https:\/\/portalpopmais.com.br\/wp-content\/uploads\/2026\/03\/image-434-768x1024.png 768w, https:\/\/portalpopmais.com.br\/wp-content\/uploads\/2026\/03\/image-434-9x12.png 9w\" sizes=\"auto, (max-width: 1000px) 100vw, 1000px\" \/><figcaption class=\"wp-element-caption\">Taylor Lautner, de Crep\u00fasculo, anuncia que ser\u00e1 pai \u2014 Foto: @chanellewhitacre<\/figcaption><\/figure>\n<\/div>\n\n<div class=\"wp-block-image\">\n<figure class=\"aligncenter size-full\"><img loading=\"lazy\" decoding=\"async\" width=\"1000\" height=\"1333\" src=\"https:\/\/portalpopmais.com.br\/wp-content\/uploads\/2026\/03\/image-435.png\" alt=\"image\" class=\"wp-image-296001\" title=\"\" srcset=\"https:\/\/portalpopmais.com.br\/wp-content\/uploads\/2026\/03\/image-435.png 1000w, https:\/\/portalpopmais.com.br\/wp-content\/uploads\/2026\/03\/image-435-768x1024.png 768w, https:\/\/portalpopmais.com.br\/wp-content\/uploads\/2026\/03\/image-435-9x12.png 9w\" sizes=\"auto, (max-width: 1000px) 100vw, 1000px\" \/><figcaption class=\"wp-element-caption\">Taylor Lautner, de Crep\u00fasculo, anuncia que ser\u00e1 pai \u2014 Foto: @chanellewhitacre<\/figcaption><\/figure>\n<\/div>","protected":false},"excerpt":{"rendered":"<p>O ator compartilhou novidade com a esposa e brincou com coincid\u00eancia de nomes do casal.<\/p>","protected":false},"author":2,"featured_media":296003,"comment_status":"closed","ping_status":"closed","sticky":false,"template":"","format":"standard","meta":{"footnotes":""},"categories":[173],"tags":[21006],"class_list":["post-295999","post","type-post","status-publish","format-standard","has-post-thumbnail","hentry","category-celebridades","tag-taylor-lautner"],"_links":{"self":[{"href":"https:\/\/portalpopmais.com.br\/en\/wp-json\/wp\/v2\/posts\/295999","targetHints":{"allow":["GET"]}}],"collection":[{"href":"https:\/\/portalpopmais.com.br\/en\/wp-json\/wp\/v2\/posts"}],"about":[{"href":"https:\/\/portalpopmais.com.br\/en\/wp-json\/wp\/v2\/types\/post"}],"author":[{"embeddable":true,"href":"https:\/\/portalpopmais.com.br\/en\/wp-json\/wp\/v2\/users\/2"}],"replies":[{"embeddable":true,"href":"https:\/\/portalpopmais.com.br\/en\/wp-json\/wp\/v2\/comments?post=295999"}],"version-history":[{"count":1,"href":"https:\/\/portalpopmais.com.br\/en\/wp-json\/wp\/v2\/posts\/295999\/revisions"}],"predecessor-version":[{"id":296002,"href":"https:\/\/portalpopmais.com.br\/en\/wp-json\/wp\/v2\/posts\/295999\/revisions\/296002"}],"wp:featuredmedia":[{"embeddable":true,"href":"https:\/\/portalpopmais.com.br\/en\/wp-json\/wp\/v2\/media\/296003"}],"wp:attachment":[{"href":"https:\/\/portalpopmais.com.br\/en\/wp-json\/wp\/v2\/media?parent=295999"}],"wp:term":[{"taxonomy":"category","embeddable":true,"href":"https:\/\/portalpopmais.com.br\/en\/wp-json\/wp\/v2\/categories?post=295999"},{"taxonomy":"post_tag","embeddable":true,"href":"https:\/\/portalpopmais.com.br\/en\/wp-json\/wp\/v2\/tags?post=295999"}],"curies":[{"name":"wp","href":"https:\/\/api.w.org\/{rel}","templated":true}]}}