{"id":296065,"date":"2026-03-27T10:14:59","date_gmt":"2026-03-27T13:14:59","guid":{"rendered":"https:\/\/portalpopmais.com.br\/?p=296065"},"modified":"2026-03-27T10:15:02","modified_gmt":"2026-03-27T13:15:02","slug":"argentino-e-condenado-por-tentativa-de-homicidio-de-noiva-que-conheceu-em-reality","status":"publish","type":"post","link":"https:\/\/portalpopmais.com.br\/en\/argentino-e-condenado-por-tentativa-de-homicidio-de-noiva-que-conheceu-em-reality\/","title":{"rendered":"Argentino \u00e9 condenado por tentativa de homic\u00eddio de noiva que conheceu em reality"},"content":{"rendered":"<p>O argentino <strong>Santiago Mart\u00ednez<\/strong>, que ganhou notoriedade na primeira temporada do reality <strong>Casamento \u00e0s Cegas Argentina<\/strong>, foi condenado a 15 anos de pris\u00e3o por tentativa de homic\u00eddio, agress\u00f5es repetidas e c\u00e1rcere privado contra sua ex-noiva, Emily Ceco.<\/p>\n\n\n\n<h3 class=\"wp-block-heading\"><strong>Relacionamento come\u00e7ou na TV e terminou em viol\u00eancia<\/strong><\/h3>\n\n\n\n<p>O casal se conheceu durante o programa e chegou a oficializar a uni\u00e3o no civil nos epis\u00f3dios finais, exibidos em novembro de 2024. Eles ainda planejavam uma cerim\u00f4nia religiosa, mas o relacionamento terminou em fevereiro de 2025, ap\u00f3s Emily denunciar epis\u00f3dios de viol\u00eancia de g\u00eanero.<\/p>\n\n\n\n<p>Na \u00e9poca, a v\u00edtima apresentou sinais de agress\u00e3o, como um olho roxo, o que levou ao cancelamento do noivado e ao in\u00edcio das investiga\u00e7\u00f5es.<\/p>\n\n\n\n<p>A Justi\u00e7a concedeu uma medida protetiva, proibindo a aproxima\u00e7\u00e3o de Santiago Mart\u00ednez. Ap\u00f3s a repercuss\u00e3o do caso, ele tamb\u00e9m foi retirado de conte\u00fados relacionados ao programa em plataformas de streaming.<\/p>\n\n\n<div class=\"wp-block-image\">\n<figure class=\"aligncenter size-full\"><img loading=\"lazy\" decoding=\"async\" width=\"1000\" height=\"525\" src=\"https:\/\/portalpopmais.com.br\/wp-content\/uploads\/2026\/03\/image-440.png\" alt=\"image\" class=\"wp-image-296067\" title=\"\" srcset=\"https:\/\/portalpopmais.com.br\/wp-content\/uploads\/2026\/03\/image-440.png 1000w, https:\/\/portalpopmais.com.br\/wp-content\/uploads\/2026\/03\/image-440-768x403.png 768w, https:\/\/portalpopmais.com.br\/wp-content\/uploads\/2026\/03\/image-440-18x9.png 18w\" sizes=\"auto, (max-width: 1000px) 100vw, 1000px\" \/><figcaption class=\"wp-element-caption\">Santiago Mart\u00ednez e Emily Ceco no reality show &#8216;Casamento \u00e0s Cegas: Argentina&#8217; \u2014 Foto: Reprodu\u00e7\u00e3o<\/figcaption><\/figure>\n<\/div>\n\n\n<h3 class=\"wp-block-heading\"><strong>Condena\u00e7\u00e3o e rejei\u00e7\u00e3o de acordo<\/strong><\/h3>\n\n\n\n<p>O Minist\u00e9rio P\u00fablico havia solicitado uma pena de 16 anos de pris\u00e3o, mas a senten\u00e7a final fixou a condena\u00e7\u00e3o em 15 anos. A defesa tentou negociar a redu\u00e7\u00e3o da pena, mas o pedido foi negado pela Justi\u00e7a.<\/p>\n\n\n\n<h3 class=\"wp-block-heading\"><strong>Relato da v\u00edtima ap\u00f3s julgamento<\/strong><\/h3>\n\n\n\n<p>Ap\u00f3s a decis\u00e3o, Emily Ceco afirmou sentir al\u00edvio com a condena\u00e7\u00e3o:<\/p>\n\n\n\n<blockquote class=\"wp-block-quote is-layout-flow wp-block-quote-is-layout-flow\">\n<p>\u201cSinto que acabou. Finalmente terei paz. A justi\u00e7a foi feita.\u201d<\/p>\n<\/blockquote>\n\n\n\n<p>Ela tamb\u00e9m relatou o impacto emocional ao reencontrar o ex-companheiro durante o julgamento, afirmando que ele pediu desculpas e declarou ainda ter sentimentos por ela.<\/p>\n\n\n\n<h3 class=\"wp-block-heading\"><strong>Medo do futuro<\/strong><\/h3>\n\n\n\n<p>Apesar da condena\u00e7\u00e3o, Emily demonstrou preocupa\u00e7\u00e3o com o futuro ap\u00f3s o cumprimento da pena:<\/p>\n\n\n\n<blockquote class=\"wp-block-quote is-layout-flow wp-block-quote-is-layout-flow\">\n<p>\u201cTenho 15 anos de paz pela frente. N\u00e3o sei o que acontecer\u00e1 quando ele sair, mas espero que o sistema continue me protegendo.\u201d<\/p>\n<\/blockquote>\n\n\n\n<p>A v\u00edtima afirmou ainda temer por sua seguran\u00e7a e a de sua fam\u00edlia, destacando a gravidade das agress\u00f5es sofridas.<\/p>","protected":false},"excerpt":{"rendered":"<p>Romance que come\u00e7ou na TV termina em condena\u00e7\u00e3o por tentativa de assassinato.<\/p>","protected":false},"author":2,"featured_media":296066,"comment_status":"closed","ping_status":"closed","sticky":false,"template":"","format":"standard","meta":{"footnotes":""},"categories":[2165],"tags":[8040,10539],"class_list":["post-296065","post","type-post","status-publish","format-standard","has-post-thumbnail","hentry","category-noticias","tag-argentina","tag-casamento-as-cegas-2"],"_links":{"self":[{"href":"https:\/\/portalpopmais.com.br\/en\/wp-json\/wp\/v2\/posts\/296065","targetHints":{"allow":["GET"]}}],"collection":[{"href":"https:\/\/portalpopmais.com.br\/en\/wp-json\/wp\/v2\/posts"}],"about":[{"href":"https:\/\/portalpopmais.com.br\/en\/wp-json\/wp\/v2\/types\/post"}],"author":[{"embeddable":true,"href":"https:\/\/portalpopmais.com.br\/en\/wp-json\/wp\/v2\/users\/2"}],"replies":[{"embeddable":true,"href":"https:\/\/portalpopmais.com.br\/en\/wp-json\/wp\/v2\/comments?post=296065"}],"version-history":[{"count":1,"href":"https:\/\/portalpopmais.com.br\/en\/wp-json\/wp\/v2\/posts\/296065\/revisions"}],"predecessor-version":[{"id":296068,"href":"https:\/\/portalpopmais.com.br\/en\/wp-json\/wp\/v2\/posts\/296065\/revisions\/296068"}],"wp:featuredmedia":[{"embeddable":true,"href":"https:\/\/portalpopmais.com.br\/en\/wp-json\/wp\/v2\/media\/296066"}],"wp:attachment":[{"href":"https:\/\/portalpopmais.com.br\/en\/wp-json\/wp\/v2\/media?parent=296065"}],"wp:term":[{"taxonomy":"category","embeddable":true,"href":"https:\/\/portalpopmais.com.br\/en\/wp-json\/wp\/v2\/categories?post=296065"},{"taxonomy":"post_tag","embeddable":true,"href":"https:\/\/portalpopmais.com.br\/en\/wp-json\/wp\/v2\/tags?post=296065"}],"curies":[{"name":"wp","href":"https:\/\/api.w.org\/{rel}","templated":true}]}}