{"id":296328,"date":"2026-03-30T10:20:08","date_gmt":"2026-03-30T13:20:08","guid":{"rendered":"https:\/\/portalpopmais.com.br\/?p=296328"},"modified":"2026-03-30T10:20:12","modified_gmt":"2026-03-30T13:20:12","slug":"schne-retoma-carreira-musical-com-lancamentos-mensais-e-proposta-sensorial-intensa","status":"publish","type":"post","link":"https:\/\/portalpopmais.com.br\/en\/schne-retoma-carreira-musical-com-lancamentos-mensais-e-proposta-sensorial-intensa\/","title":{"rendered":"Schn\u00e9 retoma carreira musical com lan\u00e7amentos mensais e proposta sensorial intensa"},"content":{"rendered":"<p class=\"wp-block-paragraph\">A artista Schn\u00e9 est\u00e1 de volta \u00e0 m\u00fasica ap\u00f3s anos afastada dos holofotes. Conhecida por sua participa\u00e7\u00e3o em um famoso programa de TV alem\u00e3o em 2012, a cantora decidiu se afastar da ind\u00fastria na \u00e9poca para se dedicar a estudos e ao desenvolvimento pessoal.<\/p>\n\n\n\n<p class=\"wp-block-paragraph\">Agora, ela retoma sua trajet\u00f3ria art\u00edstica com o lan\u00e7amento de novas m\u00fasicas \u2014 composi\u00e7\u00f5es que, segundo a pr\u00f3pria artista, ficaram guardadas por anos e refletem experi\u00eancias profundas e existenciais, descritas como viv\u00eancias \u201cna beira de buracos negros\u201d.<\/p>\n\n\n\n<h3 class=\"wp-block-heading\">Retorno com identidade pr\u00f3pria<\/h3>\n\n\n\n<p class=\"wp-block-paragraph\">Com um estilo descrito como hipn\u00f3tico e introspectivo, Schn\u00e9 aposta em uma sonoridade que mistura intensidade, suavidade e clareza. Sua proposta vai al\u00e9m do entretenimento, buscando provocar reflex\u00e3o e conex\u00e3o emocional no p\u00fablico.<\/p>\n\n\n\n<p class=\"wp-block-paragraph\">Multi-instrumentista, a artista tamb\u00e9m atua como compositora, produtora e respons\u00e1vel por toda a concep\u00e7\u00e3o visual de seus projetos. Ela escreve suas pr\u00f3prias m\u00fasicas, cria roteiros de videoclipes e j\u00e1 chegou a ilustrar o pr\u00f3prio \u00e1lbum, como fez em <em>Der bipolare B\u00e4r<\/em>, lan\u00e7ado h\u00e1 cerca de uma d\u00e9cada.<\/p>\n\n\n\n<h3 class=\"wp-block-heading\">Novos lan\u00e7amentos e proposta art\u00edstica<\/h3>\n\n\n\n<p class=\"wp-block-paragraph\">A nova fase da cantora ser\u00e1 marcada por lan\u00e7amentos frequentes: uma m\u00fasica in\u00e9dita a cada dia 7 do m\u00eas, cada uma explorando diferentes atmosferas e emo\u00e7\u00f5es.<\/p>\n\n\n\n<p class=\"wp-block-paragraph\">Segundo Schn\u00e9, o objetivo de seu trabalho \u00e9 ir al\u00e9m do consumo superficial. \u201cEspero fazer as pessoas sentirem, reconect\u00e1-las consigo mesmas. N\u00e3o fa\u00e7o m\u00fasica para anestesiar ou deixar algu\u00e9m confortavelmente entorpecido. Eu fa\u00e7o para tocar\u201d, afirmou.<\/p>\n\n\n\n<p class=\"wp-block-paragraph\">Com uma abordagem autoral e sens\u00edvel, a artista busca consolidar um espa\u00e7o singular na cena musical contempor\u00e2nea, apostando na profundidade emocional e na liberdade criativa como pilares de sua nova fase.<\/p>\n\n\n\n<figure class=\"wp-block-embed is-type-rich is-provider-spotify wp-block-embed-spotify wp-embed-aspect-21-9 wp-has-aspect-ratio\"><div class=\"wp-block-embed__wrapper\">\n<iframe title=\"Spotify Embed: For Your Eyes Only\" style=\"border-radius: 12px\" width=\"100%\" height=\"352\" frameborder=\"0\" allowfullscreen allow=\"autoplay; clipboard-write; encrypted-media; fullscreen; picture-in-picture\" loading=\"lazy\" src=\"https:\/\/open.spotify.com\/embed\/album\/7t6q5l2QQVqHm51wU82fSc?utm_source=oembed\"><\/iframe>\n<\/div><\/figure>\n\n\n\n<figure class=\"wp-block-embed is-type-rich is-provider-spotify wp-block-embed-spotify wp-embed-aspect-21-9 wp-has-aspect-ratio\"><div class=\"wp-block-embed__wrapper\">\n<iframe title=\"Spotify Embed: A Voice for Mother Estonia\" style=\"border-radius: 12px\" width=\"100%\" height=\"352\" frameborder=\"0\" allowfullscreen allow=\"autoplay; clipboard-write; encrypted-media; fullscreen; picture-in-picture\" loading=\"lazy\" src=\"https:\/\/open.spotify.com\/embed\/album\/6uhQM7JCEW7QApjmjRCPez?utm_source=oembed\"><\/iframe>\n<\/div><\/figure>\n\n\n\n<figure class=\"wp-block-embed is-type-rich is-provider-spotify wp-block-embed-spotify wp-embed-aspect-21-9 wp-has-aspect-ratio\"><div class=\"wp-block-embed__wrapper\">\n<iframe title=\"Spotify Embed: Dissociation\" style=\"border-radius: 12px\" width=\"100%\" height=\"352\" frameborder=\"0\" allowfullscreen allow=\"autoplay; clipboard-write; encrypted-media; fullscreen; picture-in-picture\" loading=\"lazy\" src=\"https:\/\/open.spotify.com\/embed\/album\/3fCXUjv7FpRv8bo81ziehO?utm_source=oembed\"><\/iframe>\n<\/div><\/figure>","protected":false},"excerpt":{"rendered":"<p>A artista Schn\u00e9 est\u00e1 de volta \u00e0 m\u00fasica ap\u00f3s anos afastada dos holofotes. Conhecida por sua participa\u00e7\u00e3o em um famoso programa de TV alem\u00e3o em 2012, a cantora decidiu se afastar da ind\u00fastria na \u00e9poca para se dedicar a estudos e ao desenvolvimento pessoal. Agora, ela retoma sua trajet\u00f3ria art\u00edstica com o lan\u00e7amento de novas [&hellip;]<\/p>\n","protected":false},"author":2,"featured_media":296329,"comment_status":"closed","ping_status":"closed","sticky":false,"template":"","format":"standard","meta":{"footnotes":""},"categories":[11936],"tags":[11937,21037],"class_list":["post-296328","post","type-post","status-publish","format-standard","has-post-thumbnail","hentry","category-groover","tag-groover","tag-schne"],"_links":{"self":[{"href":"https:\/\/portalpopmais.com.br\/en\/wp-json\/wp\/v2\/posts\/296328","targetHints":{"allow":["GET"]}}],"collection":[{"href":"https:\/\/portalpopmais.com.br\/en\/wp-json\/wp\/v2\/posts"}],"about":[{"href":"https:\/\/portalpopmais.com.br\/en\/wp-json\/wp\/v2\/types\/post"}],"author":[{"embeddable":true,"href":"https:\/\/portalpopmais.com.br\/en\/wp-json\/wp\/v2\/users\/2"}],"replies":[{"embeddable":true,"href":"https:\/\/portalpopmais.com.br\/en\/wp-json\/wp\/v2\/comments?post=296328"}],"version-history":[{"count":0,"href":"https:\/\/portalpopmais.com.br\/en\/wp-json\/wp\/v2\/posts\/296328\/revisions"}],"wp:featuredmedia":[{"embeddable":true,"href":"https:\/\/portalpopmais.com.br\/en\/wp-json\/wp\/v2\/media\/296329"}],"wp:attachment":[{"href":"https:\/\/portalpopmais.com.br\/en\/wp-json\/wp\/v2\/media?parent=296328"}],"wp:term":[{"taxonomy":"category","embeddable":true,"href":"https:\/\/portalpopmais.com.br\/en\/wp-json\/wp\/v2\/categories?post=296328"},{"taxonomy":"post_tag","embeddable":true,"href":"https:\/\/portalpopmais.com.br\/en\/wp-json\/wp\/v2\/tags?post=296328"}],"curies":[{"name":"wp","href":"https:\/\/api.w.org\/{rel}","templated":true}]}}