{"id":296350,"date":"2026-03-30T15:05:47","date_gmt":"2026-03-30T18:05:47","guid":{"rendered":"https:\/\/portalpopmais.com.br\/?p=296350"},"modified":"2026-03-30T15:05:49","modified_gmt":"2026-03-30T18:05:49","slug":"enhypen-confirma-primeiro-show-no-brasil-em-meio-a-mudancas-no-grupo","status":"publish","type":"post","link":"https:\/\/portalpopmais.com.br\/en\/enhypen-confirma-primeiro-show-no-brasil-em-meio-a-mudancas-no-grupo\/","title":{"rendered":"ENHYPEN confirma primeiro show no Brasil em meio a mudan\u00e7as no grupo"},"content":{"rendered":"<p>O grupo sul-coreano ENHYPEN anunciou oficialmente sua primeira apresenta\u00e7\u00e3o no Brasil. A confirma\u00e7\u00e3o veio nesta segunda-feira (30), trazendo entusiasmo para os f\u00e3s brasileiros que aguardavam a visita h\u00e1 anos.<\/p>\n\n\n\n<p>O show faz parte da turn\u00ea mundial \u201cBLOOD SAGA\u201d e ser\u00e1 realizado no dia <strong>4 de julho, em S\u00e3o Paulo<\/strong>. A passagem pela capital paulista marca a estreia do grupo no pa\u00eds. Al\u00e9m do Brasil, o ENHYPEN tamb\u00e9m se apresentar\u00e1 em <strong>Lima, no Peru, no dia 8 de julho<\/strong>, ampliando sua agenda na Am\u00e9rica do Sul.<\/p>\n\n\n\n<h3 class=\"wp-block-heading\">Sa\u00edda de Heeseung ainda repercute<\/h3>\n\n\n\n<p>O an\u00fancio da turn\u00ea acontece em um momento delicado para o grupo, pouco tempo ap\u00f3s a sa\u00edda de Heeseung. A decis\u00e3o foi confirmada pela ag\u00eancia BELIFT LAB, respons\u00e1vel pelo ENHYPEN, que reiterou que o artista seguir\u00e1 carreira solo.<\/p>\n\n\n\n<p>Em declara\u00e7\u00e3o ao jornal <em>The Korea Herald<\/em>, a empresa afirmou:<\/p>\n\n\n\n<blockquote class=\"wp-block-quote is-layout-flow wp-block-quote-is-layout-flow\">\n<p>\u201cHeeseung n\u00e3o retornar\u00e1 ao ENHYPEN. Ele tem uma dire\u00e7\u00e3o art\u00edstica clara que deseja seguir e decidimos respeitar isso.\u201d<\/p>\n<\/blockquote>\n\n\n\n<p>A ag\u00eancia tamb\u00e9m destacou que a agenda intensa do grupo dificulta a concilia\u00e7\u00e3o entre atividades coletivas e projetos individuais, justificando a decis\u00e3o.<\/p>\n\n\n\n<h3 class=\"wp-block-heading\">Rea\u00e7\u00e3o dos f\u00e3s<\/h3>\n\n\n\n<p>Desde que a sa\u00edda foi anunciada, em 10 de mar\u00e7o, f\u00e3s do grupo t\u00eam se mobilizado nas redes sociais e em manifesta\u00e7\u00f5es presenciais pedindo mais transpar\u00eancia sobre o caso. Uma peti\u00e7\u00e3o online contra a decis\u00e3o j\u00e1 ultrapassou <strong>1,3 milh\u00e3o de assinaturas<\/strong>, evidenciando o impacto da mudan\u00e7a na comunidade de f\u00e3s.<\/p>\n\n\n\n<p>Apesar do momento conturbado, a confirma\u00e7\u00e3o do show no Brasil refor\u00e7a a continuidade das atividades do ENHYPEN e aumenta a expectativa para o encontro hist\u00f3rico com o p\u00fablico brasileiro.<\/p>\n\n\n<div class=\"wp-block-image\">\n<figure class=\"aligncenter size-full\"><img loading=\"lazy\" decoding=\"async\" width=\"1000\" height=\"1415\" src=\"https:\/\/portalpopmais.com.br\/wp-content\/uploads\/2026\/03\/whatsapp-image-2026-03-30-at-12.02.44.jpeg\" alt=\"whatsapp image 2026 03 30 at 12.02.44\" class=\"wp-image-296349\" title=\"\" srcset=\"https:\/\/portalpopmais.com.br\/wp-content\/uploads\/2026\/03\/whatsapp-image-2026-03-30-at-12.02.44.jpeg 1000w, https:\/\/portalpopmais.com.br\/wp-content\/uploads\/2026\/03\/whatsapp-image-2026-03-30-at-12.02.44-768x1087.jpeg 768w, https:\/\/portalpopmais.com.br\/wp-content\/uploads\/2026\/03\/whatsapp-image-2026-03-30-at-12.02.44-8x12.jpeg 8w\" sizes=\"auto, (max-width: 1000px) 100vw, 1000px\" \/><figcaption class=\"wp-element-caption\">Divulga\u00e7\u00e3o <\/figcaption><\/figure>\n<\/div>","protected":false},"excerpt":{"rendered":"<p>O grupo sul-coreano ENHYPEN anunciou oficialmente sua primeira apresenta\u00e7\u00e3o no Brasil. A confirma\u00e7\u00e3o veio nesta segunda-feira (30), trazendo entusiasmo para os f\u00e3s brasileiros que aguardavam a visita h\u00e1 anos. O show faz parte da turn\u00ea mundial \u201cBLOOD SAGA\u201d e ser\u00e1 realizado no dia 4 de julho, em S\u00e3o Paulo. A passagem pela capital paulista marca [&hellip;]<\/p>\n","protected":false},"author":1,"featured_media":296348,"comment_status":"closed","ping_status":"closed","sticky":false,"template":"","format":"standard","meta":{"footnotes":""},"categories":[154],"tags":[],"class_list":["post-296350","post","type-post","status-publish","format-standard","has-post-thumbnail","hentry","category-musica"],"_links":{"self":[{"href":"https:\/\/portalpopmais.com.br\/en\/wp-json\/wp\/v2\/posts\/296350","targetHints":{"allow":["GET"]}}],"collection":[{"href":"https:\/\/portalpopmais.com.br\/en\/wp-json\/wp\/v2\/posts"}],"about":[{"href":"https:\/\/portalpopmais.com.br\/en\/wp-json\/wp\/v2\/types\/post"}],"author":[{"embeddable":true,"href":"https:\/\/portalpopmais.com.br\/en\/wp-json\/wp\/v2\/users\/1"}],"replies":[{"embeddable":true,"href":"https:\/\/portalpopmais.com.br\/en\/wp-json\/wp\/v2\/comments?post=296350"}],"version-history":[{"count":1,"href":"https:\/\/portalpopmais.com.br\/en\/wp-json\/wp\/v2\/posts\/296350\/revisions"}],"predecessor-version":[{"id":296351,"href":"https:\/\/portalpopmais.com.br\/en\/wp-json\/wp\/v2\/posts\/296350\/revisions\/296351"}],"wp:featuredmedia":[{"embeddable":true,"href":"https:\/\/portalpopmais.com.br\/en\/wp-json\/wp\/v2\/media\/296348"}],"wp:attachment":[{"href":"https:\/\/portalpopmais.com.br\/en\/wp-json\/wp\/v2\/media?parent=296350"}],"wp:term":[{"taxonomy":"category","embeddable":true,"href":"https:\/\/portalpopmais.com.br\/en\/wp-json\/wp\/v2\/categories?post=296350"},{"taxonomy":"post_tag","embeddable":true,"href":"https:\/\/portalpopmais.com.br\/en\/wp-json\/wp\/v2\/tags?post=296350"}],"curies":[{"name":"wp","href":"https:\/\/api.w.org\/{rel}","templated":true}]}}