{"id":29638,"date":"2019-07-22T12:48:40","date_gmt":"2019-07-22T15:48:40","guid":{"rendered":"http:\/\/popmais.com.br\/?p=29638"},"modified":"2019-07-22T12:48:40","modified_gmt":"2019-07-22T15:48:40","slug":"day-apresenta-novo-ep-em-sao-paulo","status":"publish","type":"post","link":"https:\/\/portalpopmais.com.br\/en\/day-apresenta-novo-ep-em-sao-paulo\/","title":{"rendered":"DAY apresenta novo EP em S\u00e3o Paulo"},"content":{"rendered":"<p style=\"font-weight:400;\">A cantora <strong>DAY<\/strong>, finalista do The Voice 2017 e um dos maiores nomes da nova gera\u00e7\u00e3o do pop brasileiro, apresenta pela primeira vez em S\u00e3o Paulo seu mais recente trabalho, o EP hom\u00f4nimo, com banda completa. A apresenta\u00e7\u00e3o acontece no dia 4 de agosto, domingo, no Teatro Mars. Al\u00e9m de DAY, o evento tamb\u00e9m contar\u00e1 com show especial da cantora Elana Dara.<\/p>\n<p style=\"font-weight:400;\">Produzido pelo coletivo\u00a0<em>Los Brasileiros,<\/em>\u00a0respons\u00e1veis por sucessos de artistas como <strong>Anitta<\/strong>, <strong>Projota<\/strong> e <strong>J\u00e3o<\/strong>, e com participa\u00e7\u00f5es especiais do cantor\u00a0<strong>Vit\u00e3o<\/strong>\u00a0no single &#8220;Clich\u00ea&#8221;, que j\u00e1 ultrapassar a marca de 3 milh\u00f5es de streamings, e\u00a0<strong>Carol Biazin<\/strong>\u00a0na faixa &#8220;Deixa Rolar&#8221;, o EP DAY j\u00e1 conta com mais 10 milh\u00f5es de streamings e ser\u00e1 apresentado pela primeira vez com banda completa, diferente do que a cantora vem apresentando at\u00e9 hoje no formato DJ e voz.<\/p>\n<p><iframe loading=\"lazy\" title=\"DAY, Luccas Carlos - Tanto Faz (Remix)\" width=\"880\" height=\"495\" src=\"https:\/\/www.youtube.com\/embed\/Y5IdTXbXO5g?feature=oembed\" frameborder=\"0\" allow=\"accelerometer; autoplay; encrypted-media; gyroscope; picture-in-picture\" allowfullscreen><\/iframe><\/p>\n<p style=\"font-weight:400;\">Al\u00e9m de seu trabalho, DAY tamb\u00e9m trar\u00e1 releituras e diz que que o novo formato do show o tornar\u00e1 uma viagem no tempo e promete exceder as expectativas. &#8220;<em>O repert\u00f3rio vai ser uma viagem no tempo. Al\u00e9m do EP, resgatei algumas refer\u00eancias para deixar o show ainda mais a minha cara. Estou muito ansiosa, tocar com banda me d\u00e1 uma sensa\u00e7\u00e3o de rockstar (risos). Nos ensaios a energia tem sido surreal, ent\u00e3o s\u00f3 consigo exceder minhas expectativas&#8221;, promete.<\/em><\/p>\n<p style=\"font-weight:400;\">Co-autora do single &#8220;<em>N\u00e3o Perco Meu Tempo&#8221;,<\/em> da cantora Anitta e finalista do <strong>The Voice 2017<\/strong>, a cantora Day \u00e9 uma das grandes promessas da m\u00fasica pop brasileira em 2019. Com mais de 100 milh\u00f5es de visualiza\u00e7\u00f5es <strong>e 1 milh\u00e3o de inscritos<\/strong>\u00a0no Youtube,\u00a0<strong>622 mil<\/strong>\u00a0seguidores no instagram,\u00a0<strong>156 mil no Twitter<\/strong>\u00a0e mais de\u00a0<strong>350 mil ouvintes mensais<\/strong>\u00a0nas plataformas de m\u00fasica, Day acaba de lan\u00e7ar seu primeiro EP, hom\u00f4nimo, que conta com participa\u00e7\u00f5es especiais de<strong>\u00a0Vit\u00e3o<\/strong>e\u00a0<strong>Carol Biazin<\/strong>, al\u00e9m de lan\u00e7ar a vers\u00e3o remix do single &#8220;Na Sua M\u00e3o&#8221; com participa\u00e7\u00e3o especial de\u00a0<strong>Luccas Carlos.<\/strong><\/p>\n<p style=\"font-weight:400;\"><strong>SERVI\u00c7O<\/strong><br \/>\nData: 04\/08\/2019<br \/>\nLocal: Teatro Mars<br \/>\nEndere\u00e7o: Rua Jo\u00e3o Passalaqua, 80 &#8211; Bela Vista | S\u00e3o Paulo<br \/>\nAbertura da casa: 17h<br \/>\nClassifica\u00e7\u00e3o et\u00e1ria: 16 anos.\u00a0 Menores de 16 anos podem entrar acompanhados dos pais e\/ou respons\u00e1veis legais.<br \/>\n<strong>Venda oficial de ingressos online apenas pelo site:\u00a0<\/strong><a href=\"http:\/\/d-click.musiquepress.com.br\/u\/86536\/425\/4162\/318_0\/aacce\/?url=https%3A%2F%2Fwww.sympla.com.br%2Fday-em-sao-paulo---primeira-tour-com-banda__548559\" target=\"_blank\" rel=\"noopener\">https:\/\/www.sympla.com.br\/day-em-sao-paulo&#8212;primeira-tour-com-banda__548559<\/a><strong>\u00a0<\/strong><\/p>","protected":false},"excerpt":{"rendered":"<p>A cantora DAY, finalista do The Voice 2017 e um dos maiores nomes da nova gera\u00e7\u00e3o do pop brasileiro, apresenta pela primeira vez em S\u00e3o Paulo seu mais recente trabalho, o EP hom\u00f4nimo, com banda completa. A apresenta\u00e7\u00e3o acontece no dia 4 de agosto, domingo, no Teatro Mars. Al\u00e9m de DAY, o evento tamb\u00e9m contar\u00e1 [&hellip;]<\/p>\n","protected":false},"author":2,"featured_media":29639,"comment_status":"open","ping_status":"open","sticky":false,"template":"","format":"standard","meta":{"footnotes":""},"categories":[2215,154],"tags":[3694,3697],"class_list":["post-29638","post","type-post","status-publish","format-standard","has-post-thumbnail","hentry","category-eventos","category-musica","tag-carol-biazin","tag-day"],"_links":{"self":[{"href":"https:\/\/portalpopmais.com.br\/en\/wp-json\/wp\/v2\/posts\/29638","targetHints":{"allow":["GET"]}}],"collection":[{"href":"https:\/\/portalpopmais.com.br\/en\/wp-json\/wp\/v2\/posts"}],"about":[{"href":"https:\/\/portalpopmais.com.br\/en\/wp-json\/wp\/v2\/types\/post"}],"author":[{"embeddable":true,"href":"https:\/\/portalpopmais.com.br\/en\/wp-json\/wp\/v2\/users\/2"}],"replies":[{"embeddable":true,"href":"https:\/\/portalpopmais.com.br\/en\/wp-json\/wp\/v2\/comments?post=29638"}],"version-history":[{"count":0,"href":"https:\/\/portalpopmais.com.br\/en\/wp-json\/wp\/v2\/posts\/29638\/revisions"}],"wp:featuredmedia":[{"embeddable":true,"href":"https:\/\/portalpopmais.com.br\/en\/wp-json\/"}],"wp:attachment":[{"href":"https:\/\/portalpopmais.com.br\/en\/wp-json\/wp\/v2\/media?parent=29638"}],"wp:term":[{"taxonomy":"category","embeddable":true,"href":"https:\/\/portalpopmais.com.br\/en\/wp-json\/wp\/v2\/categories?post=29638"},{"taxonomy":"post_tag","embeddable":true,"href":"https:\/\/portalpopmais.com.br\/en\/wp-json\/wp\/v2\/tags?post=29638"}],"curies":[{"name":"wp","href":"https:\/\/api.w.org\/{rel}","templated":true}]}}