{"id":296444,"date":"2026-03-31T10:27:09","date_gmt":"2026-03-31T13:27:09","guid":{"rendered":"https:\/\/portalpopmais.com.br\/?p=296444"},"modified":"2026-03-31T10:27:11","modified_gmt":"2026-03-31T13:27:11","slug":"gusttavo-lima-surge-sem-alianca-e-motivo-surpreende-todo-mundo-ja-sabe","status":"publish","type":"post","link":"https:\/\/portalpopmais.com.br\/en\/gusttavo-lima-surge-sem-alianca-e-motivo-surpreende-todo-mundo-ja-sabe\/","title":{"rendered":"Gusttavo Lima surge sem alian\u00e7a e motivo surpreende: &#8220;Todo mundo j\u00e1 sabe&#8221;"},"content":{"rendered":"<p>Durante uma apresenta\u00e7\u00e3o recente, o cantor <strong><a href=\"https:\/\/portalpopmais.com.br\/en\/trends\/gusttavo-lima\/\" data-type=\"post_tag\" data-id=\"1004\">Gusttavo Lima<\/a><\/strong> chamou a aten\u00e7\u00e3o do p\u00fablico ao subir ao palco sem sua tradicional alian\u00e7a. O detalhe n\u00e3o passou despercebido e rapidamente virou assunto entre os f\u00e3s presentes.<\/p>\n\n\n\n<p>A situa\u00e7\u00e3o ganhou destaque quando uma pessoa da plateia decidiu questionar o artista sobre o motivo de n\u00e3o estar usando o acess\u00f3rio. Sem hesitar, o sertanejo respondeu de forma direta e bem-humorada, esclarecendo a curiosidade em meio ao show.<\/p>\n\n\n\n<p>\u201c\u00c9 porque eu pego na m\u00e3o de todo mundo, a\u00ed v\u00e3o, pegam, puxam. Todo mundo j\u00e1 sabe\u201d, disse, arrancando risadas do p\u00fablico e aliviando o clima de especula\u00e7\u00e3o.<\/p>\n\n\n<div class=\"wp-block-image\">\n<figure class=\"aligncenter size-full\"><img loading=\"lazy\" decoding=\"async\" width=\"1000\" height=\"1506\" src=\"https:\/\/portalpopmais.com.br\/wp-content\/uploads\/2026\/03\/image-488.png\" alt=\"image\" class=\"wp-image-296447\" title=\"\" srcset=\"https:\/\/portalpopmais.com.br\/wp-content\/uploads\/2026\/03\/image-488.png 1000w, https:\/\/portalpopmais.com.br\/wp-content\/uploads\/2026\/03\/image-488-768x1157.png 768w, https:\/\/portalpopmais.com.br\/wp-content\/uploads\/2026\/03\/image-488-8x12.png 8w\" sizes=\"auto, (max-width: 1000px) 100vw, 1000px\" \/><figcaption class=\"wp-element-caption\">Gusttavo Lima revelou motivo de estar sem alian\u00e7a durante show \u2014 Foto: Reprodu\u00e7\u00e3o Instagram<\/figcaption><\/figure>\n<\/div>\n\n\n<p>O momento foi gravado por f\u00e3s e logo come\u00e7ou a circular nas redes sociais, onde repercutiu amplamente. A espontaneidade do cantor e a intera\u00e7\u00e3o com o p\u00fablico contribu\u00edram para que o epis\u00f3dio viralizasse, gerando coment\u00e1rios e debates entre seguidores.<\/p>\n\n\n\n<p>Apesar do burburinho, Gusttavo Lima mant\u00e9m seu relacionamento com Andressa Suita. O casal est\u00e1 junto desde 2012, oficializou a uni\u00e3o em 2015 e tem dois filhos: Gabriel e Samuel.<\/p>","protected":false},"excerpt":{"rendered":"<p>Durante uma apresenta\u00e7\u00e3o recente, o cantor Gusttavo Lima chamou a aten\u00e7\u00e3o do p\u00fablico ao subir ao palco sem sua tradicional alian\u00e7a. O detalhe n\u00e3o passou despercebido e rapidamente virou assunto entre os f\u00e3s presentes. A situa\u00e7\u00e3o ganhou destaque quando uma pessoa da plateia decidiu questionar o artista sobre o motivo de n\u00e3o estar usando o [&hellip;]<\/p>\n","protected":false},"author":2,"featured_media":226963,"comment_status":"closed","ping_status":"closed","sticky":false,"template":"","format":"standard","meta":{"footnotes":""},"categories":[173],"tags":[1004],"class_list":["post-296444","post","type-post","status-publish","format-standard","has-post-thumbnail","hentry","category-celebridades","tag-gusttavo-lima"],"_links":{"self":[{"href":"https:\/\/portalpopmais.com.br\/en\/wp-json\/wp\/v2\/posts\/296444","targetHints":{"allow":["GET"]}}],"collection":[{"href":"https:\/\/portalpopmais.com.br\/en\/wp-json\/wp\/v2\/posts"}],"about":[{"href":"https:\/\/portalpopmais.com.br\/en\/wp-json\/wp\/v2\/types\/post"}],"author":[{"embeddable":true,"href":"https:\/\/portalpopmais.com.br\/en\/wp-json\/wp\/v2\/users\/2"}],"replies":[{"embeddable":true,"href":"https:\/\/portalpopmais.com.br\/en\/wp-json\/wp\/v2\/comments?post=296444"}],"version-history":[{"count":1,"href":"https:\/\/portalpopmais.com.br\/en\/wp-json\/wp\/v2\/posts\/296444\/revisions"}],"predecessor-version":[{"id":296448,"href":"https:\/\/portalpopmais.com.br\/en\/wp-json\/wp\/v2\/posts\/296444\/revisions\/296448"}],"wp:featuredmedia":[{"embeddable":true,"href":"https:\/\/portalpopmais.com.br\/en\/wp-json\/wp\/v2\/media\/226963"}],"wp:attachment":[{"href":"https:\/\/portalpopmais.com.br\/en\/wp-json\/wp\/v2\/media?parent=296444"}],"wp:term":[{"taxonomy":"category","embeddable":true,"href":"https:\/\/portalpopmais.com.br\/en\/wp-json\/wp\/v2\/categories?post=296444"},{"taxonomy":"post_tag","embeddable":true,"href":"https:\/\/portalpopmais.com.br\/en\/wp-json\/wp\/v2\/tags?post=296444"}],"curies":[{"name":"wp","href":"https:\/\/api.w.org\/{rel}","templated":true}]}}