{"id":296460,"date":"2026-03-31T10:45:25","date_gmt":"2026-03-31T13:45:25","guid":{"rendered":"https:\/\/portalpopmais.com.br\/?p=296460"},"modified":"2026-03-31T10:45:28","modified_gmt":"2026-03-31T13:45:28","slug":"professora-denuncia-situacao-envolvendo-roupas-sujas-de-fezes-em-mochila-de-filho-de-influenciadores","status":"publish","type":"post","link":"https:\/\/portalpopmais.com.br\/en\/professora-denuncia-situacao-envolvendo-roupas-sujas-de-fezes-em-mochila-de-filho-de-influenciadores\/","title":{"rendered":"Professora denuncia situa\u00e7\u00e3o envolvendo roupas sujas de fezes em mochila de filho de influenciadores"},"content":{"rendered":"<p>Uma den\u00fancia envolvendo a rotina escolar de uma crian\u00e7a de quatro anos gerou grande repercuss\u00e3o nas redes sociais e levantou debates sobre responsabilidade parental, exposi\u00e7\u00e3o na internet e poss\u00edveis consequ\u00eancias legais.<\/p>\n\n\n\n<p>O caso veio \u00e0 tona ap\u00f3s a influenciadora Camila Trianda compartilhar o relato de uma professora que atua em um col\u00e9gio de alto padr\u00e3o. Segundo a educadora, o aluno enfrentava epis\u00f3dios frequentes de incontin\u00eancia e n\u00e3o utilizava fraldas. Diante disso, a escola adotava o procedimento padr\u00e3o: armazenava as roupas sujas em sacos pl\u00e1sticos e as colocava na mochila da crian\u00e7a, acompanhadas de avisos aos respons\u00e1veis.<\/p>\n\n\n\n<p>O problema, conforme o relato, seria a falta de acompanhamento dos pais, que n\u00e3o verificavam a mochila ao longo da semana. Como consequ\u00eancia, o material acumulado teria provocado forte odor nos ambientes escolares, causando desconforto entre alunos e funcion\u00e1rios.<\/p>\n\n\n\n<p>A situa\u00e7\u00e3o teria se agravado a ponto de a dire\u00e7\u00e3o convocar os respons\u00e1veis e considerar a possibilidade de acionar o Conselho Tutelar, citando neglig\u00eancia com a higiene da crian\u00e7a. Ap\u00f3s a reuni\u00e3o, os pais optaram por retirar o filho da institui\u00e7\u00e3o.<\/p>\n\n\n\n<h3 class=\"wp-block-heading\">Especula\u00e7\u00f5es e rea\u00e7\u00e3o nas redes<\/h3>\n\n\n\n<p>Apesar de o relato original n\u00e3o citar nomes, internautas passaram a especular sobre a identidade da fam\u00edlia envolvida. Entre os nomes mencionados estavam os influenciadores Shantal e Matheus Verdelho, o que rapidamente ampliou a repercuss\u00e3o do caso.<\/p>\n\n\n\n<p>Diante das associa\u00e7\u00f5es, Shantal se pronunciou publicamente, negando qualquer envolvimento e criticando a dissemina\u00e7\u00e3o de boatos. Em tom firme, afirmou que poderia tomar medidas judiciais caso seu nome continuasse sendo vinculado \u00e0 hist\u00f3ria, especialmente por envolver seu filho.<\/p>\n\n\n<div class=\"wp-block-image\">\n<figure class=\"aligncenter size-full\"><img loading=\"lazy\" decoding=\"async\" width=\"1000\" height=\"1803\" src=\"https:\/\/portalpopmais.com.br\/wp-content\/uploads\/2026\/03\/image-496.png\" alt=\"image\" class=\"wp-image-296463\" title=\"\" srcset=\"https:\/\/portalpopmais.com.br\/wp-content\/uploads\/2026\/03\/image-496.png 1000w, https:\/\/portalpopmais.com.br\/wp-content\/uploads\/2026\/03\/image-496-768x1385.png 768w, https:\/\/portalpopmais.com.br\/wp-content\/uploads\/2026\/03\/image-496-852x1536.png 852w, https:\/\/portalpopmais.com.br\/wp-content\/uploads\/2026\/03\/image-496-7x12.png 7w\" sizes=\"auto, (max-width: 1000px) 100vw, 1000px\" \/><figcaption class=\"wp-element-caption\">Shantal Verdelho se pronuncia ap\u00f3s hist\u00f3ria de influenciadora viralizar \u2014 Foto: Reprodu\u00e7\u00e3o\/Instagram<\/figcaption><\/figure>\n<\/div>\n\n\n<h3 class=\"wp-block-heading\">Retrata\u00e7\u00e3o e tentativa de conter a crise<\/h3>\n\n\n\n<p>Com a repercuss\u00e3o negativa e a amea\u00e7a de a\u00e7\u00e3o judicial, Camila Trianda voltou \u00e0s redes para esclarecer que n\u00e3o havia citado nomes e negou que o caso tivesse rela\u00e7\u00e3o com Shantal. A influenciadora pediu cautela ao p\u00fablico e refor\u00e7ou que a hist\u00f3ria n\u00e3o deveria ser associada a pessoas espec\u00edficas.<\/p>\n\n\n\n<p>O epis\u00f3dio evidencia os riscos da dissemina\u00e7\u00e3o de informa\u00e7\u00f5es sem confirma\u00e7\u00e3o nas redes sociais, al\u00e9m de levantar discuss\u00f5es sobre limites \u00e9ticos na exposi\u00e7\u00e3o de relatos envolvendo crian\u00e7as e fam\u00edlias.<\/p>\n\n\n<div class=\"wp-block-image\">\n<figure class=\"aligncenter size-full\"><img loading=\"lazy\" decoding=\"async\" width=\"1000\" height=\"1778\" src=\"https:\/\/portalpopmais.com.br\/wp-content\/uploads\/2026\/03\/image-497.png\" alt=\"image\" class=\"wp-image-296464\" title=\"\" srcset=\"https:\/\/portalpopmais.com.br\/wp-content\/uploads\/2026\/03\/image-497.png 1000w, https:\/\/portalpopmais.com.br\/wp-content\/uploads\/2026\/03\/image-497-768x1366.png 768w, https:\/\/portalpopmais.com.br\/wp-content\/uploads\/2026\/03\/image-497-864x1536.png 864w, https:\/\/portalpopmais.com.br\/wp-content\/uploads\/2026\/03\/image-497-7x12.png 7w\" sizes=\"auto, (max-width: 1000px) 100vw, 1000px\" \/><figcaption class=\"wp-element-caption\">Shantal Verdelho mostra print em que o nome dela aparece incorretamente na legenda do v\u00eddeo, mesmo sem o \u00e1udio cit\u00e1-la \u2014 Foto: Reprodu\u00e7\u00e3o\/TikTok<br><br><\/figcaption><\/figure>\n<\/div>","protected":false},"excerpt":{"rendered":"<p>Relato an\u00f4nimo sobre rotina escolar gera especula\u00e7\u00f5es, amea\u00e7a de processo e debate sobre exposi\u00e7\u00e3o nas redes sociais<\/p>","protected":false},"author":2,"featured_media":296461,"comment_status":"closed","ping_status":"closed","sticky":false,"template":"","format":"standard","meta":{"footnotes":""},"categories":[2293],"tags":[18274],"class_list":["post-296460","post","type-post","status-publish","format-standard","has-post-thumbnail","hentry","category-internet","tag-shantal-verdelho"],"_links":{"self":[{"href":"https:\/\/portalpopmais.com.br\/en\/wp-json\/wp\/v2\/posts\/296460","targetHints":{"allow":["GET"]}}],"collection":[{"href":"https:\/\/portalpopmais.com.br\/en\/wp-json\/wp\/v2\/posts"}],"about":[{"href":"https:\/\/portalpopmais.com.br\/en\/wp-json\/wp\/v2\/types\/post"}],"author":[{"embeddable":true,"href":"https:\/\/portalpopmais.com.br\/en\/wp-json\/wp\/v2\/users\/2"}],"replies":[{"embeddable":true,"href":"https:\/\/portalpopmais.com.br\/en\/wp-json\/wp\/v2\/comments?post=296460"}],"version-history":[{"count":2,"href":"https:\/\/portalpopmais.com.br\/en\/wp-json\/wp\/v2\/posts\/296460\/revisions"}],"predecessor-version":[{"id":296466,"href":"https:\/\/portalpopmais.com.br\/en\/wp-json\/wp\/v2\/posts\/296460\/revisions\/296466"}],"wp:featuredmedia":[{"embeddable":true,"href":"https:\/\/portalpopmais.com.br\/en\/wp-json\/wp\/v2\/media\/296461"}],"wp:attachment":[{"href":"https:\/\/portalpopmais.com.br\/en\/wp-json\/wp\/v2\/media?parent=296460"}],"wp:term":[{"taxonomy":"category","embeddable":true,"href":"https:\/\/portalpopmais.com.br\/en\/wp-json\/wp\/v2\/categories?post=296460"},{"taxonomy":"post_tag","embeddable":true,"href":"https:\/\/portalpopmais.com.br\/en\/wp-json\/wp\/v2\/tags?post=296460"}],"curies":[{"name":"wp","href":"https:\/\/api.w.org\/{rel}","templated":true}]}}