{"id":296822,"date":"2026-04-05T11:00:00","date_gmt":"2026-04-05T14:00:00","guid":{"rendered":"https:\/\/portalpopmais.com.br\/?p=296822"},"modified":"2026-04-05T10:09:39","modified_gmt":"2026-04-05T13:09:39","slug":"comentarista-esportivo-ledio-carmona-recebe-alta-apos-internacao-por-sepse","status":"publish","type":"post","link":"https:\/\/portalpopmais.com.br\/en\/comentarista-esportivo-ledio-carmona-recebe-alta-apos-internacao-por-sepse\/","title":{"rendered":"Comentarista esportivo Ledio Carmona recebe alta ap\u00f3s interna\u00e7\u00e3o por sepse"},"content":{"rendered":"<p>O comentarista esportivo Ledio Carmona recebeu alta hospitalar nesta quinta-feira (2), ap\u00f3s passar dez dias internado para tratar um quadro de septicemia, uma infec\u00e7\u00e3o generalizada considerada grave.<\/p>\n\n\n\n<p>Em um v\u00eddeo publicado nas redes sociais, o profissional do Grupo Globo atualizou seu estado de sa\u00fade e tranquilizou os seguidores, afirmando que seguir\u00e1 o tratamento em casa.<\/p>\n\n\n\n<p>\u201cJ\u00e1 estou de alta. Foram dias dif\u00edceis, mas agora continuo a recupera\u00e7\u00e3o em casa. Ainda n\u00e3o estou 100%, mas evoluindo\u201d, disse.<\/p>\n\n\n\n<h3 class=\"wp-block-heading\">Per\u00edodo dif\u00edcil e recupera\u00e7\u00e3o<\/h3>\n\n\n\n<p>Durante o relato, Ledio classificou a interna\u00e7\u00e3o como o momento mais desafiador de sua vida, marcado por incertezas e preocupa\u00e7\u00e3o com a gravidade do quadro.<\/p>\n\n\n\n<p>O comentarista destacou a import\u00e2ncia do acompanhamento m\u00e9dico durante o per\u00edodo e ressaltou o apoio recebido de familiares, amigos e profissionais de sa\u00fade.<\/p>\n\n\n\n<h3 class=\"wp-block-heading\">Retorno ao trabalho ainda sem data<\/h3>\n\n\n\n<p>Apesar da melhora, o jornalista ainda n\u00e3o tem previs\u00e3o imediata para retornar \u00e0s atividades. Segundo ele, a prioridade neste momento \u00e9 concluir o tratamento e recuperar plenamente a sa\u00fade.<\/p>\n\n\n\n<p>Ledio Carmona tamb\u00e9m agradeceu as mensagens de apoio que recebeu durante a interna\u00e7\u00e3o e afirmou que a rede de carinho foi fundamental para sua recupera\u00e7\u00e3o.<\/p>","protected":false},"excerpt":{"rendered":"<p>Jornalista ficou dez dias internado com septicemia e seguir\u00e1 tratamento em casa.<\/p>","protected":false},"author":1,"featured_media":295950,"comment_status":"closed","ping_status":"closed","sticky":false,"template":"","format":"standard","meta":{"footnotes":""},"categories":[181],"tags":[21075],"class_list":["post-296822","post","type-post","status-publish","format-standard","has-post-thumbnail","hentry","category-televisao","tag-ledio-carmona-2"],"_links":{"self":[{"href":"https:\/\/portalpopmais.com.br\/en\/wp-json\/wp\/v2\/posts\/296822","targetHints":{"allow":["GET"]}}],"collection":[{"href":"https:\/\/portalpopmais.com.br\/en\/wp-json\/wp\/v2\/posts"}],"about":[{"href":"https:\/\/portalpopmais.com.br\/en\/wp-json\/wp\/v2\/types\/post"}],"author":[{"embeddable":true,"href":"https:\/\/portalpopmais.com.br\/en\/wp-json\/wp\/v2\/users\/1"}],"replies":[{"embeddable":true,"href":"https:\/\/portalpopmais.com.br\/en\/wp-json\/wp\/v2\/comments?post=296822"}],"version-history":[{"count":1,"href":"https:\/\/portalpopmais.com.br\/en\/wp-json\/wp\/v2\/posts\/296822\/revisions"}],"predecessor-version":[{"id":296823,"href":"https:\/\/portalpopmais.com.br\/en\/wp-json\/wp\/v2\/posts\/296822\/revisions\/296823"}],"wp:featuredmedia":[{"embeddable":true,"href":"https:\/\/portalpopmais.com.br\/en\/wp-json\/wp\/v2\/media\/295950"}],"wp:attachment":[{"href":"https:\/\/portalpopmais.com.br\/en\/wp-json\/wp\/v2\/media?parent=296822"}],"wp:term":[{"taxonomy":"category","embeddable":true,"href":"https:\/\/portalpopmais.com.br\/en\/wp-json\/wp\/v2\/categories?post=296822"},{"taxonomy":"post_tag","embeddable":true,"href":"https:\/\/portalpopmais.com.br\/en\/wp-json\/wp\/v2\/tags?post=296822"}],"curies":[{"name":"wp","href":"https:\/\/api.w.org\/{rel}","templated":true}]}}