{"id":296824,"date":"2026-04-05T12:00:00","date_gmt":"2026-04-05T15:00:00","guid":{"rendered":"https:\/\/portalpopmais.com.br\/?p=296824"},"modified":"2026-04-05T10:14:38","modified_gmt":"2026-04-05T13:14:38","slug":"sergio-mallandro-vence-acao-na-justica-por-uso-indevido-de-imagem-em-campanha-politica","status":"publish","type":"post","link":"https:\/\/portalpopmais.com.br\/en\/sergio-mallandro-vence-acao-na-justica-por-uso-indevido-de-imagem-em-campanha-politica\/","title":{"rendered":"S\u00e9rgio Mallandro vence a\u00e7\u00e3o na Justi\u00e7a por uso indevido de imagem em campanha pol\u00edtica"},"content":{"rendered":"<p>O humorista S\u00e9rgio Mallandro venceu uma a\u00e7\u00e3o judicial ap\u00f3s ter sua imagem utilizada indevidamente em um contexto pol\u00edtico. A decis\u00e3o determinou o pagamento de indeniza\u00e7\u00e3o no valor de R$ 50 mil.<\/p>\n\n\n\n<p>O processo foi movido contra o m\u00e9dico Jorge Abissamra, que, em 2024, disputou a prefeitura de Ferraz de Vasconcelos, em S\u00e3o Paulo. Segundo a a\u00e7\u00e3o, o ent\u00e3o candidato compartilhou em suas redes sociais um v\u00eddeo gravado por Mallandro, sugerindo apoio \u00e0 sua campanha eleitoral.<\/p>\n\n\n\n<h3 class=\"wp-block-heading\">Entenda o caso<\/h3>\n\n\n\n<p>O conte\u00fado, na verdade, havia sido gravado pelo humorista para agradecer a um m\u00e9dico \u2014 hom\u00f4nimo do candidato \u2014 pelo atendimento prestado a uma pessoa pr\u00f3xima. A grava\u00e7\u00e3o, no entanto, foi repostada fora de contexto, dando a entender que se tratava de um endosso pol\u00edtico.<\/p>\n\n\n\n<p>Na Justi\u00e7a, S\u00e9rgio Mallandro afirmou que n\u00e3o conhecia o candidato e acusou o uso indevido de sua imagem como forma de enganar o p\u00fablico. O artista tamb\u00e9m alegou preocupa\u00e7\u00e3o com poss\u00edveis preju\u00edzos \u00e0 sua reputa\u00e7\u00e3o.<\/p>\n\n\n\n<h3 class=\"wp-block-heading\">Decis\u00e3o judicial<\/h3>\n\n\n\n<p>A senten\u00e7a foi proferida em 19 de mar\u00e7o pela 51\u00aa Vara C\u00edvel do Tribunal de Justi\u00e7a do Rio de Janeiro. Na decis\u00e3o, a ju\u00edza entendeu que houve uso indevido da imagem com finalidade eleitoral, caracterizando dano pass\u00edvel de indeniza\u00e7\u00e3o.<\/p>\n\n\n\n<p>O r\u00e9u n\u00e3o apresentou defesa no processo, sendo considerado revel, o que levou \u00e0 presun\u00e7\u00e3o de veracidade das alega\u00e7\u00f5es feitas pelo humorista.<\/p>\n\n\n\n<p>A magistrada destacou que a divulga\u00e7\u00e3o do v\u00eddeo fora de contexto teve como objetivo impulsionar a campanha pol\u00edtica, utilizando a imagem de uma figura p\u00fablica sem autoriza\u00e7\u00e3o. Segundo a decis\u00e3o, esse tipo de pr\u00e1tica j\u00e1 \u00e9 suficiente para justificar a condena\u00e7\u00e3o, independentemente da comprova\u00e7\u00e3o de preju\u00edzos concretos.<\/p>","protected":false},"excerpt":{"rendered":"<p>Humorista receber\u00e1 R$ 50 mil ap\u00f3s ter imagem usada sem autoriza\u00e7\u00e3o.<\/p>","protected":false},"author":1,"featured_media":296825,"comment_status":"closed","ping_status":"closed","sticky":false,"template":"","format":"standard","meta":{"footnotes":""},"categories":[173],"tags":[14849],"class_list":["post-296824","post","type-post","status-publish","format-standard","has-post-thumbnail","hentry","category-celebridades","tag-sergio-mallandro-2"],"_links":{"self":[{"href":"https:\/\/portalpopmais.com.br\/en\/wp-json\/wp\/v2\/posts\/296824","targetHints":{"allow":["GET"]}}],"collection":[{"href":"https:\/\/portalpopmais.com.br\/en\/wp-json\/wp\/v2\/posts"}],"about":[{"href":"https:\/\/portalpopmais.com.br\/en\/wp-json\/wp\/v2\/types\/post"}],"author":[{"embeddable":true,"href":"https:\/\/portalpopmais.com.br\/en\/wp-json\/wp\/v2\/users\/1"}],"replies":[{"embeddable":true,"href":"https:\/\/portalpopmais.com.br\/en\/wp-json\/wp\/v2\/comments?post=296824"}],"version-history":[{"count":1,"href":"https:\/\/portalpopmais.com.br\/en\/wp-json\/wp\/v2\/posts\/296824\/revisions"}],"predecessor-version":[{"id":296826,"href":"https:\/\/portalpopmais.com.br\/en\/wp-json\/wp\/v2\/posts\/296824\/revisions\/296826"}],"wp:featuredmedia":[{"embeddable":true,"href":"https:\/\/portalpopmais.com.br\/en\/wp-json\/wp\/v2\/media\/296825"}],"wp:attachment":[{"href":"https:\/\/portalpopmais.com.br\/en\/wp-json\/wp\/v2\/media?parent=296824"}],"wp:term":[{"taxonomy":"category","embeddable":true,"href":"https:\/\/portalpopmais.com.br\/en\/wp-json\/wp\/v2\/categories?post=296824"},{"taxonomy":"post_tag","embeddable":true,"href":"https:\/\/portalpopmais.com.br\/en\/wp-json\/wp\/v2\/tags?post=296824"}],"curies":[{"name":"wp","href":"https:\/\/api.w.org\/{rel}","templated":true}]}}