{"id":296883,"date":"2026-04-06T12:06:01","date_gmt":"2026-04-06T15:06:01","guid":{"rendered":"https:\/\/portalpopmais.com.br\/?p=296883"},"modified":"2026-04-06T12:06:03","modified_gmt":"2026-04-06T15:06:03","slug":"ary-fontoura-entra-na-justica-com-acao-de-despejo-por-divida-de-aluguel","status":"publish","type":"post","link":"https:\/\/portalpopmais.com.br\/en\/ary-fontoura-entra-na-justica-com-acao-de-despejo-por-divida-de-aluguel\/","title":{"rendered":"Ary Fontoura entra na Justi\u00e7a com a\u00e7\u00e3o de despejo por d\u00edvida de aluguel"},"content":{"rendered":"<p class=\"wp-block-paragraph\">O ator Ary Fontoura, de 93 anos, ingressou na Justi\u00e7a com uma a\u00e7\u00e3o de despejo cumulada com cobran\u00e7a de valores atrasados referentes a um im\u00f3vel de sua propriedade, localizado na Zona Oeste do Rio de Janeiro.<\/p>\n\n\n\n<p class=\"wp-block-paragraph\">De acordo com o processo, o artista afirma ter alugado o im\u00f3vel para uma mulher, que teria deixado de pagar n\u00e3o apenas os alugu\u00e9is, mas tamb\u00e9m encargos relacionados \u00e0 loca\u00e7\u00e3o. A d\u00edvida acumulada gira em torno de R$ 131 mil.<\/p>\n\n\n\n<p class=\"wp-block-paragraph\">Ainda segundo a a\u00e7\u00e3o, a inquilina n\u00e3o desocupou o im\u00f3vel de forma \u0434\u043e\u0431\u0440\u043e\u0432\u00e1ria, mesmo ap\u00f3s notifica\u00e7\u00f5es. Em determinado momento, ela teria informado que pretendia vender um bem para quitar os d\u00e9bitos, o que n\u00e3o se concretizou at\u00e9 agora.<\/p>\n\n\n\n<p class=\"wp-block-paragraph\">O ator destaca que o contrato de loca\u00e7\u00e3o previa uma garantia no valor de R$ 18 mil. No entanto, segundo ele, a quantia tornou-se insuficiente diante do crescimento da d\u00edvida.<\/p>\n\n\n\n<h3 class=\"wp-block-heading\">Pedidos \u00e0 Justi\u00e7a<\/h3>\n\n\n\n<p class=\"wp-block-paragraph\">Na a\u00e7\u00e3o, Ary Fontoura solicita uma decis\u00e3o liminar para que a inquilina deixe o im\u00f3vel no prazo de 15 dias. O mesmo per\u00edodo \u00e9 concedido para que a d\u00edvida seja quitada, o que poderia suspender o despejo.<\/p>\n\n\n\n<p class=\"wp-block-paragraph\">Al\u00e9m disso, o ator pede a condena\u00e7\u00e3o da locat\u00e1ria ao pagamento integral dos valores devidos, bem como a decreta\u00e7\u00e3o do despejo definitivo, caso n\u00e3o haja regulariza\u00e7\u00e3o da situa\u00e7\u00e3o dentro do prazo estipulado.<\/p>","protected":false},"excerpt":{"rendered":"<p>O ator Ary Fontoura, de 93 anos, ingressou na Justi\u00e7a com uma a\u00e7\u00e3o de despejo cumulada com cobran\u00e7a de valores atrasados referentes a um im\u00f3vel de sua propriedade, localizado na Zona Oeste do Rio de Janeiro. De acordo com o processo, o artista afirma ter alugado o im\u00f3vel para uma mulher, que teria deixado de [&hellip;]<\/p>\n","protected":false},"author":2,"featured_media":296884,"comment_status":"closed","ping_status":"closed","sticky":false,"template":"","format":"standard","meta":{"footnotes":""},"categories":[173],"tags":[2364],"class_list":["post-296883","post","type-post","status-publish","format-standard","has-post-thumbnail","hentry","category-celebridades","tag-ary-fontoura"],"_links":{"self":[{"href":"https:\/\/portalpopmais.com.br\/en\/wp-json\/wp\/v2\/posts\/296883","targetHints":{"allow":["GET"]}}],"collection":[{"href":"https:\/\/portalpopmais.com.br\/en\/wp-json\/wp\/v2\/posts"}],"about":[{"href":"https:\/\/portalpopmais.com.br\/en\/wp-json\/wp\/v2\/types\/post"}],"author":[{"embeddable":true,"href":"https:\/\/portalpopmais.com.br\/en\/wp-json\/wp\/v2\/users\/2"}],"replies":[{"embeddable":true,"href":"https:\/\/portalpopmais.com.br\/en\/wp-json\/wp\/v2\/comments?post=296883"}],"version-history":[{"count":1,"href":"https:\/\/portalpopmais.com.br\/en\/wp-json\/wp\/v2\/posts\/296883\/revisions"}],"predecessor-version":[{"id":296885,"href":"https:\/\/portalpopmais.com.br\/en\/wp-json\/wp\/v2\/posts\/296883\/revisions\/296885"}],"wp:featuredmedia":[{"embeddable":true,"href":"https:\/\/portalpopmais.com.br\/en\/wp-json\/wp\/v2\/media\/296884"}],"wp:attachment":[{"href":"https:\/\/portalpopmais.com.br\/en\/wp-json\/wp\/v2\/media?parent=296883"}],"wp:term":[{"taxonomy":"category","embeddable":true,"href":"https:\/\/portalpopmais.com.br\/en\/wp-json\/wp\/v2\/categories?post=296883"},{"taxonomy":"post_tag","embeddable":true,"href":"https:\/\/portalpopmais.com.br\/en\/wp-json\/wp\/v2\/tags?post=296883"}],"curies":[{"name":"wp","href":"https:\/\/api.w.org\/{rel}","templated":true}]}}