{"id":296917,"date":"2026-04-06T18:46:08","date_gmt":"2026-04-06T21:46:08","guid":{"rendered":"https:\/\/portalpopmais.com.br\/?p=296917"},"modified":"2026-04-06T18:46:11","modified_gmt":"2026-04-06T21:46:11","slug":"bruna-biancardi-comemora-9-meses-da-filha-mel-com-neymar","status":"publish","type":"post","link":"https:\/\/portalpopmais.com.br\/en\/bruna-biancardi-comemora-9-meses-da-filha-mel-com-neymar\/","title":{"rendered":"Bruna Biancardi comemora 9 meses da filha Mel com Neymar"},"content":{"rendered":"<p>A influenciadora Bruna Biancardi celebrou um momento especial em fam\u00edlia nesta segunda-feira (6): os nove meses de vida de sua filha ca\u00e7ula, Mel. A comemora\u00e7\u00e3o foi compartilhada nas redes sociais e rapidamente encantou os seguidores pela simplicidade e clima de afeto.<\/p>\n\n\n\n<p>A pequena Mel, nascida em 5 de julho, apareceu em um registro delicado durante o tradicional \u201cmesvers\u00e1rio\u201d. Na imagem, ela surge sentada \u00e0 mesa, diante de um bolinho decorado com vela, enquanto recebe o carinho dos familiares.<\/p>\n\n\n\n<p>Ao lado dela estavam o jogador Neymar, pai da menina, e a irm\u00e3 mais velha, Mavie, compondo um cen\u00e1rio de uni\u00e3o e celebra\u00e7\u00e3o \u00edntima. O momento destacou a proximidade da fam\u00edlia e a alegria em acompanhar o crescimento da beb\u00ea.<\/p>\n\n\n\n<p>Al\u00e9m de Mel e Mavie, Neymar tamb\u00e9m \u00e9 pai de Davi Lucca, de 14 anos, fruto de seu relacionamento com Carol Dantas, e de Helena, de um ano e nove meses, filha da influenciadora e modelo Amanda Kimberlly.<\/p>\n\n\n<div class=\"wp-block-image\">\n<figure class=\"aligncenter size-full\"><img loading=\"lazy\" decoding=\"async\" width=\"1000\" height=\"1756\" src=\"https:\/\/portalpopmais.com.br\/wp-content\/uploads\/2026\/04\/whatsapp-image-2026-04-06-at-6.30.44-pm.jpeg\" alt=\"whatsapp image 2026 04 06 at 6.30.44 pm\" class=\"wp-image-296918\" title=\"\" srcset=\"https:\/\/portalpopmais.com.br\/wp-content\/uploads\/2026\/04\/whatsapp-image-2026-04-06-at-6.30.44-pm.jpeg 1000w, https:\/\/portalpopmais.com.br\/wp-content\/uploads\/2026\/04\/whatsapp-image-2026-04-06-at-6.30.44-pm-768x1349.jpeg 768w, https:\/\/portalpopmais.com.br\/wp-content\/uploads\/2026\/04\/whatsapp-image-2026-04-06-at-6.30.44-pm-875x1536.jpeg 875w, https:\/\/portalpopmais.com.br\/wp-content\/uploads\/2026\/04\/whatsapp-image-2026-04-06-at-6.30.44-pm-7x12.jpeg 7w\" sizes=\"auto, (max-width: 1000px) 100vw, 1000px\" \/><figcaption class=\"wp-element-caption\">Reprodu\u00e7\u00e3o<\/figcaption><\/figure>\n<\/div>\n\n\n<p><\/p>","protected":false},"excerpt":{"rendered":"<p>A influenciadora Bruna Biancardi celebrou um momento especial em fam\u00edlia nesta segunda-feira (6): os nove meses de vida de sua filha ca\u00e7ula, Mel. A comemora\u00e7\u00e3o foi compartilhada nas redes sociais e rapidamente encantou os seguidores pela simplicidade e clima de afeto. A pequena Mel, nascida em 5 de julho, apareceu em um registro delicado durante [&hellip;]<\/p>\n","protected":false},"author":1,"featured_media":296919,"comment_status":"closed","ping_status":"closed","sticky":false,"template":"","format":"standard","meta":{"footnotes":""},"categories":[173],"tags":[13602,11939],"class_list":["post-296917","post","type-post","status-publish","format-standard","has-post-thumbnail","hentry","category-celebridades","tag-bruna-biancardi","tag-neymar-jr-2"],"_links":{"self":[{"href":"https:\/\/portalpopmais.com.br\/en\/wp-json\/wp\/v2\/posts\/296917","targetHints":{"allow":["GET"]}}],"collection":[{"href":"https:\/\/portalpopmais.com.br\/en\/wp-json\/wp\/v2\/posts"}],"about":[{"href":"https:\/\/portalpopmais.com.br\/en\/wp-json\/wp\/v2\/types\/post"}],"author":[{"embeddable":true,"href":"https:\/\/portalpopmais.com.br\/en\/wp-json\/wp\/v2\/users\/1"}],"replies":[{"embeddable":true,"href":"https:\/\/portalpopmais.com.br\/en\/wp-json\/wp\/v2\/comments?post=296917"}],"version-history":[{"count":1,"href":"https:\/\/portalpopmais.com.br\/en\/wp-json\/wp\/v2\/posts\/296917\/revisions"}],"predecessor-version":[{"id":296920,"href":"https:\/\/portalpopmais.com.br\/en\/wp-json\/wp\/v2\/posts\/296917\/revisions\/296920"}],"wp:featuredmedia":[{"embeddable":true,"href":"https:\/\/portalpopmais.com.br\/en\/wp-json\/wp\/v2\/media\/296919"}],"wp:attachment":[{"href":"https:\/\/portalpopmais.com.br\/en\/wp-json\/wp\/v2\/media?parent=296917"}],"wp:term":[{"taxonomy":"category","embeddable":true,"href":"https:\/\/portalpopmais.com.br\/en\/wp-json\/wp\/v2\/categories?post=296917"},{"taxonomy":"post_tag","embeddable":true,"href":"https:\/\/portalpopmais.com.br\/en\/wp-json\/wp\/v2\/tags?post=296917"}],"curies":[{"name":"wp","href":"https:\/\/api.w.org\/{rel}","templated":true}]}}