{"id":297018,"date":"2026-04-07T18:23:42","date_gmt":"2026-04-07T21:23:42","guid":{"rendered":"https:\/\/portalpopmais.com.br\/?p=297018"},"modified":"2026-04-07T20:23:09","modified_gmt":"2026-04-07T23:23:09","slug":"influenciador-publica-carta-de-despedida-apos-relatar-dor-emocional-e-traicao","status":"publish","type":"post","link":"https:\/\/portalpopmais.com.br\/en\/influenciador-publica-carta-de-despedida-apos-relatar-dor-emocional-e-traicao\/","title":{"rendered":"Influenciador publica carta de despedida ap\u00f3s relatar dor emocional e trai\u00e7\u00e3o"},"content":{"rendered":"<p>O influenciador digital Carlos Filhar comoveu seguidores nesta ter\u00e7a-feira (7\/4) ao publicar uma carta de despedida em suas redes sociais. No texto, ele revela um momento de intensa fragilidade emocional e faz um balan\u00e7o de sua trajet\u00f3ria recente na internet, marcada tanto por conquistas quanto por desafios pessoais.<\/p>\n\n\n\n<p>Carlos ganhou destaque nas plataformas digitais ao compartilhar v\u00eddeos de humor ao lado do ent\u00e3o companheiro, Arthur, com quem mantinha um relacionamento p\u00fablico e bastante acompanhado pelos seguidores.<\/p>\n\n\n\n<hr class=\"wp-block-separator has-alpha-channel-opacity\"\/>\n\n\n\n<h3 class=\"wp-block-heading\">Trajet\u00f3ria marcada por conex\u00f5es e momentos positivos<\/h3>\n\n\n\n<p>Na carta, o influenciador relembra o per\u00edodo em que esteve ativo nas redes sociais como uma fase de experi\u00eancias positivas, encontros importantes e constru\u00e7\u00e3o de v\u00ednculos. Ele destaca o carinho recebido do p\u00fablico e as amizades que surgiram ao longo de pouco mais de um ano de exposi\u00e7\u00e3o online.<\/p>\n\n\n\n<p>Carlos tamb\u00e9m menciona os momentos de alegria compartilhados com os seguidores, ressaltando que sua produ\u00e7\u00e3o de conte\u00fado sempre teve como objetivo levar leveza e divers\u00e3o.<\/p>\n\n\n\n<hr class=\"wp-block-separator has-alpha-channel-opacity\"\/>\n\n\n\n<h3 class=\"wp-block-heading\">Relacionamento e pedido por respeito<\/h3>\n\n\n\n<p>Um dos pontos centrais do texto \u00e9 o relacionamento com Arthur, descrito por Carlos como \u201cos dois melhores anos\u201d de sua vida. Apesar de citar uma quebra de acordo na rela\u00e7\u00e3o, o influenciador faz quest\u00e3o de pedir que n\u00e3o haja julgamentos ou ataques.<\/p>\n\n\n\n<p>Ele afirma n\u00e3o guardar ressentimentos e refor\u00e7a que o sentimento vivido foi verdadeiro, destacando o amor e a import\u00e2ncia do companheiro em sua vida.<\/p>\n\n\n\n<hr class=\"wp-block-separator has-alpha-channel-opacity\"\/>\n\n\n\n<h3 class=\"wp-block-heading\">Despedida marcada por f\u00e9 e mensagens \u00e0 fam\u00edlia<\/h3>\n\n\n\n<p>Ao longo da carta, Carlos tamb\u00e9m se dirige a familiares e amigos, agradecendo pela conviv\u00eancia e pelo apoio ao longo de sua vida. Ele cita especialmente os pais e as sobrinhas, deixando mensagens de carinho e reconhecimento.<\/p>\n\n\n\n<p>O influenciador menciona ainda sua f\u00e9 como um elemento de conforto diante do momento dif\u00edcil, afirmando sentir tranquilidade ao falar sobre suas cren\u00e7as.<\/p>\n\n\n\n<p>Al\u00e9m disso, ele refor\u00e7a que sua decis\u00e3o n\u00e3o deve ser atribu\u00edda ao companheiro, pedindo explicitamente que Arthur n\u00e3o seja responsabilizado.<\/p>\n\n\n\n<hr class=\"wp-block-separator has-alpha-channel-opacity\"\/>\n\n\n\n<h2 class=\"wp-block-heading\">Veja a carta na \u00edntegra<\/h2>\n\n\n\n<p>\u201c\u00c0s vezes o cansa\u00e7o bate forte, a fraqueza emocional toma conta, existe uma dor incalcul\u00e1vel e a forma que encontrei nesse momento de amenizar a dor \u00e9 me despedir de voc\u00eas.<\/p>\n\n\n\n<p>Foram pouco mais de 1 ano aqui na internet, e nesse per\u00edodo trouxemos alegrias, gargalhadas, leveza e momentos incr\u00edveis. Tantas pessoas que a internet trouxe, pessoas que eu admirava de longe e me tornei pr\u00f3ximo, amigos que fizemos, momentos memor\u00e1veis.<\/p>\n\n\n\n<p>Quero tamb\u00e9m dizer que conhecer e viver com o Arthur foram os 2 melhores anos da minha vida, eu voltei \u00e0 vida e nunca fui t\u00e3o feliz. Houve quebra de acordo da parte dele, mas tamb\u00e9m entendo que somos humanos e obviamente passivos de falhas, e tudo bem. N\u00e3o julguem, perdoem. Pe\u00e7o de cora\u00e7\u00e3o que n\u00e3o tenham discursos de \u00f3dio, porque sempre fomos amor. Eu n\u00e3o tenho raiva, ao contr\u00e1rio, tenho amor, porque foi com ele que eu voltei \u00e0 vida, a sorrir e \u00e0 gargalhada que voc\u00eas tanto amavam.<\/p>\n\n\n\n<p>Tudo foi real, tudo que voc\u00eas viram foi real, portanto n\u00e3o julguem. Eu sei do amor dele por mim e que essa falha n\u00e3o muda o amor dele.<\/p>\n\n\n\n<p>Meu amor, voc\u00ea vai ser sempre meu dengo, meu vidinha, meu carrapatim, meu miudinho e meu mor. Voc\u00ea n\u00e3o errou, voc\u00ea se esfor\u00e7ou demais pra caber no mundo que n\u00e3o te cabia, j\u00e1 conversamos e entendemos isso, t\u00e1 bom? S\u00f3 a gente sabe.<\/p>\n\n\n\n<p>Me despe\u00e7o dessa vida com muita paz, muita calma no cora\u00e7\u00e3o e no Deus que eu sempre acreditei. Ele est\u00e1 esperando por mim de bra\u00e7os abertos, porque ele conhece meu cora\u00e7\u00e3o.<\/p>\n\n\n\n<p>Me desculpe, fam\u00edlia. Minhas sobrinhas, que s\u00e3o como filhas pra mim, sigam seus caminhos. Eu sei que fui um bom exemplo de ser humano e pessoa de bem pra voc\u00eas, sigam tudo \u00e0 risca, t\u00e1 bem?<\/p>\n\n\n\n<p>Pai e m\u00e3e, se eu me tornei um homem incr\u00edvel, de bem, de amor, foi porque voc\u00eas existiram, foram meus exemplos. Amo voc\u00eas e me perdoem por sair sem me despedir, mas voc\u00eas sabem que eu adorava sair de fininho, sem despedidas.<\/p>\n\n\n\n<p>Eu continuarei olhando por voc\u00eas, apenas mudei de plano.<\/p>\n\n\n\n<p>Aos meus amigos, s\u00f3 a Renata sabe que n\u00e3o fiz pelo Arthur, ele n\u00e3o tem nada a ver com isso. Eu amo ele. Poucos, mas que valem muito, eu amo voc\u00eas.<\/p>\n\n\n\n<p>Amor, humor &amp; n\u00f3s dois.\u201d<\/p>\n\n\n\n<figure class=\"wp-block-embed is-type-wp-embed is-provider-portal-pop-mais wp-block-embed-portal-pop-mais\"><div class=\"wp-block-embed__wrapper\">\n<blockquote class=\"wp-embedded-content\" data-secret=\"yLl9hwFeIz\"><a href=\"https:\/\/portalpopmais.com.br\/en\/quem-era-carlos-filhar-influencer-que-teria-pulado-de-predio-apos-traicao\/\">Quem era Carlos Filhar, influencer que teria pulado de pr\u00e9dio ap\u00f3s trai\u00e7\u00e3o<\/a><\/blockquote><iframe loading=\"lazy\" class=\"wp-embedded-content\" sandbox=\"allow-scripts\" security=\"restricted\" style=\"position: absolute; visibility: hidden;\" title=\"&#8220;Quem era Carlos Filhar, influencer que teria pulado de pr\u00e9dio ap\u00f3s trai\u00e7\u00e3o&#8221; &#8212; Portal POP Mais\" src=\"https:\/\/portalpopmais.com.br\/quem-era-carlos-filhar-influencer-que-teria-pulado-de-predio-apos-traicao\/embed\/#?secret=jtepbakvsR#?secret=yLl9hwFeIz\" data-secret=\"yLl9hwFeIz\" width=\"600\" height=\"338\" frameborder=\"0\" marginwidth=\"0\" marginheight=\"0\" scrolling=\"no\"><\/iframe>\n<\/div><\/figure>","protected":false},"excerpt":{"rendered":"<p>O influenciador digital Carlos Filhar comoveu seguidores nesta ter\u00e7a-feira (7\/4) ao publicar uma carta de despedida em suas redes sociais. No texto, ele revela um momento de intensa fragilidade emocional e faz um balan\u00e7o de sua trajet\u00f3ria recente na internet, marcada tanto por conquistas quanto por desafios pessoais. Carlos ganhou destaque nas plataformas digitais ao [&hellip;]<\/p>\n","protected":false},"author":2,"featured_media":297019,"comment_status":"closed","ping_status":"closed","sticky":false,"template":"","format":"standard","meta":{"footnotes":""},"categories":[2293],"tags":[21090],"class_list":["post-297018","post","type-post","status-publish","format-standard","has-post-thumbnail","hentry","category-internet","tag-carlos-filhar"],"_links":{"self":[{"href":"https:\/\/portalpopmais.com.br\/en\/wp-json\/wp\/v2\/posts\/297018","targetHints":{"allow":["GET"]}}],"collection":[{"href":"https:\/\/portalpopmais.com.br\/en\/wp-json\/wp\/v2\/posts"}],"about":[{"href":"https:\/\/portalpopmais.com.br\/en\/wp-json\/wp\/v2\/types\/post"}],"author":[{"embeddable":true,"href":"https:\/\/portalpopmais.com.br\/en\/wp-json\/wp\/v2\/users\/2"}],"replies":[{"embeddable":true,"href":"https:\/\/portalpopmais.com.br\/en\/wp-json\/wp\/v2\/comments?post=297018"}],"version-history":[{"count":2,"href":"https:\/\/portalpopmais.com.br\/en\/wp-json\/wp\/v2\/posts\/297018\/revisions"}],"predecessor-version":[{"id":297028,"href":"https:\/\/portalpopmais.com.br\/en\/wp-json\/wp\/v2\/posts\/297018\/revisions\/297028"}],"wp:featuredmedia":[{"embeddable":true,"href":"https:\/\/portalpopmais.com.br\/en\/wp-json\/wp\/v2\/media\/297019"}],"wp:attachment":[{"href":"https:\/\/portalpopmais.com.br\/en\/wp-json\/wp\/v2\/media?parent=297018"}],"wp:term":[{"taxonomy":"category","embeddable":true,"href":"https:\/\/portalpopmais.com.br\/en\/wp-json\/wp\/v2\/categories?post=297018"},{"taxonomy":"post_tag","embeddable":true,"href":"https:\/\/portalpopmais.com.br\/en\/wp-json\/wp\/v2\/tags?post=297018"}],"curies":[{"name":"wp","href":"https:\/\/api.w.org\/{rel}","templated":true}]}}