{"id":297202,"date":"2026-04-09T07:31:08","date_gmt":"2026-04-09T10:31:08","guid":{"rendered":"https:\/\/portalpopmais.com.br\/?p=297202"},"modified":"2026-04-09T07:31:12","modified_gmt":"2026-04-09T10:31:12","slug":"morre-jim-whittaker-primeiro-norte-americano-a-escalar-o-monte-everest","status":"publish","type":"post","link":"https:\/\/portalpopmais.com.br\/en\/morre-jim-whittaker-primeiro-norte-americano-a-escalar-o-monte-everest\/","title":{"rendered":"Morre Jim Whittaker, primeiro norte-americano a escalar o Monte Everest"},"content":{"rendered":"<p>O alpinista norte-americano <strong><a href=\"https:\/\/portalpopmais.com.br\/en\/trends\/jim-whittaker\/\" data-type=\"post_tag\" data-id=\"21097\">Jim Whittaker<\/a><\/strong>, conhecido por sua trajet\u00f3ria hist\u00f3rica nas maiores montanhas do mundo, morreu deixando um legado marcante no esporte e na promo\u00e7\u00e3o da paz. Ele ganhou reconhecimento internacional ao participar de importantes expedi\u00e7\u00f5es e liderar iniciativas que uniram montanhistas de diferentes pa\u00edses.<\/p>\n\n\n\n<p>Nascido e criado em Seattle, nos Estados Unidos, Whittaker come\u00e7ou a escalar ainda jovem ao lado de seu irm\u00e3o g\u00eameo, Lou Whittaker. A paix\u00e3o pelo montanhismo surgiu na d\u00e9cada de 1940, durante atividades com escoteiros. Aos 16 anos, os dois j\u00e1 haviam alcan\u00e7ado o topo do Mount Olympus, um dos picos mais altos da regi\u00e3o.<\/p>\n\n\n\n<p>Ao longo da carreira, Jim Whittaker acumulou feitos hist\u00f3ricos, incluindo expedi\u00e7\u00f5es ao Monte Everest e ao K2, consolidando seu nome entre os grandes alpinistas do mundo. Sua trajet\u00f3ria tamb\u00e9m foi marcada por reflex\u00f5es sobre o esporte, que ele descrevia como uma experi\u00eancia capaz de ampliar os sentidos e a percep\u00e7\u00e3o da vida.<\/p>\n\n\n\n<p>Al\u00e9m das conquistas individuais, Whittaker teve papel importante na promo\u00e7\u00e3o da coopera\u00e7\u00e3o internacional. Em 1990, liderou a Expedi\u00e7\u00e3o Internacional da Paz ao Everest, reunindo alpinistas dos Estados Unidos, da antiga Uni\u00e3o Sovi\u00e9tica e da China, em um momento simb\u00f3lico de uni\u00e3o global.<\/p>\n\n\n\n<p>Outro feito que marcou sua carreira aconteceu em 1981, quando liderou um grupo de dez alpinistas com defici\u00eancia at\u00e9 o topo do Mount Rainier. Para muitos participantes, segundo ele, aquela experi\u00eancia representava o equivalente a escalar o Everest.<\/p>\n\n\n\n<p>Whittaker tamb\u00e9m ficou conhecido por sua liga\u00e7\u00e3o com o Monte Rainier, que escalou mais de 100 vezes ao longo da vida, sempre ressaltando os desafios imprevis\u00edveis da montanha, mesmo para os mais experientes.<\/p>\n\n\n\n<p>O alpinista tamb\u00e9m esteve presente em um momento hist\u00f3rico dos Estados Unidos: ele acompanhava o senador Robert F. Kennedy quando o pol\u00edtico foi assassinado, epis\u00f3dio que o marcou profundamente.<\/p>\n\n\n\n<p>Reconhecido por autoridades e admiradores, Whittaker foi descrito como uma figura inspiradora. O ex-governador de Washington, Jay Inslee, destacou que seu legado \u00e9 t\u00e3o grandioso quanto as montanhas que escalou, ressaltando sua capacidade de elevar o esp\u00edrito das pessoas.<\/p>\n\n\n\n<p>Jim Whittaker deixa a esposa, Dianne Roberts, com quem foi casado por mais de cinco d\u00e9cadas, al\u00e9m de tr\u00eas filhos, netos e um bisneto. Sua trajet\u00f3ria permanece como s\u00edmbolo de coragem, supera\u00e7\u00e3o e uni\u00e3o entre povos por meio do esporte.<\/p>","protected":false},"excerpt":{"rendered":"<p>Alpinista hist\u00f3rico liderou expedi\u00e7\u00f5es pelo mundo e ficou conhecido por promover a uni\u00e3o entre povos por meio do montanhismo.<\/p>","protected":false},"author":2,"featured_media":297203,"comment_status":"closed","ping_status":"closed","sticky":false,"template":"","format":"standard","meta":{"footnotes":""},"categories":[18685],"tags":[21097],"class_list":["post-297202","post","type-post","status-publish","format-standard","has-post-thumbnail","hentry","category-esporte","tag-jim-whittaker"],"_links":{"self":[{"href":"https:\/\/portalpopmais.com.br\/en\/wp-json\/wp\/v2\/posts\/297202","targetHints":{"allow":["GET"]}}],"collection":[{"href":"https:\/\/portalpopmais.com.br\/en\/wp-json\/wp\/v2\/posts"}],"about":[{"href":"https:\/\/portalpopmais.com.br\/en\/wp-json\/wp\/v2\/types\/post"}],"author":[{"embeddable":true,"href":"https:\/\/portalpopmais.com.br\/en\/wp-json\/wp\/v2\/users\/2"}],"replies":[{"embeddable":true,"href":"https:\/\/portalpopmais.com.br\/en\/wp-json\/wp\/v2\/comments?post=297202"}],"version-history":[{"count":1,"href":"https:\/\/portalpopmais.com.br\/en\/wp-json\/wp\/v2\/posts\/297202\/revisions"}],"predecessor-version":[{"id":297204,"href":"https:\/\/portalpopmais.com.br\/en\/wp-json\/wp\/v2\/posts\/297202\/revisions\/297204"}],"wp:featuredmedia":[{"embeddable":true,"href":"https:\/\/portalpopmais.com.br\/en\/wp-json\/wp\/v2\/media\/297203"}],"wp:attachment":[{"href":"https:\/\/portalpopmais.com.br\/en\/wp-json\/wp\/v2\/media?parent=297202"}],"wp:term":[{"taxonomy":"category","embeddable":true,"href":"https:\/\/portalpopmais.com.br\/en\/wp-json\/wp\/v2\/categories?post=297202"},{"taxonomy":"post_tag","embeddable":true,"href":"https:\/\/portalpopmais.com.br\/en\/wp-json\/wp\/v2\/tags?post=297202"}],"curies":[{"name":"wp","href":"https:\/\/api.w.org\/{rel}","templated":true}]}}