{"id":297227,"date":"2026-04-09T09:14:40","date_gmt":"2026-04-09T12:14:40","guid":{"rendered":"https:\/\/portalpopmais.com.br\/?p=297227"},"modified":"2026-04-09T09:14:44","modified_gmt":"2026-04-09T12:14:44","slug":"flavia-monteiro-internada-cirurgia","status":"publish","type":"post","link":"https:\/\/portalpopmais.com.br\/en\/flavia-monteiro-internada-cirurgia\/","title":{"rendered":"Fl\u00e1via Monteiro \u00e9 internada ap\u00f3s acidente dom\u00e9stico e passar\u00e1 por cirurgia"},"content":{"rendered":"<p>A atriz <strong>Fl\u00e1via Monteiro<\/strong> foi internada nesta quarta-feira (8) na Cl\u00ednica S\u00e3o Vicente, no Rio de Janeiro, ap\u00f3s sofrer um acidente dom\u00e9stico que resultou em fratura no p\u00e9.<\/p>\n\n\n\n<p>Segundo relato da pr\u00f3pria artista, ela quebrou o quinto metatarso ao cair enquanto estava com a filha, Sophia, no colo. O acidente aconteceu ap\u00f3s a recep\u00e7\u00e3o agitada de seu cachorro, que acabou provocando a queda.<\/p>\n\n\n<div class=\"wp-block-image\">\n<figure class=\"aligncenter size-full\"><img loading=\"lazy\" decoding=\"async\" width=\"888\" height=\"527\" src=\"https:\/\/portalpopmais.com.br\/wp-content\/uploads\/2026\/04\/image-74.png\" alt=\"image\" class=\"wp-image-297228\" title=\"\" srcset=\"https:\/\/portalpopmais.com.br\/wp-content\/uploads\/2026\/04\/image-74.png 888w, https:\/\/portalpopmais.com.br\/wp-content\/uploads\/2026\/04\/image-74-768x456.png 768w, https:\/\/portalpopmais.com.br\/wp-content\/uploads\/2026\/04\/image-74-18x12.png 18w\" sizes=\"auto, (max-width: 888px) 100vw, 888px\" \/><figcaption class=\"wp-element-caption\">Fl\u00e1via Monteiro \u2014 Foto: Reprodu\u00e7\u00e3o\/Instagram<br><br><\/figcaption><\/figure>\n<\/div>\n\n\n<p>Fl\u00e1via passar\u00e1 por uma cirurgia nesta quinta-feira (9) para corrigir a fratura. Em suas redes sociais, a atriz comentou sobre o ocorrido e demonstrou surpresa com a gravidade da situa\u00e7\u00e3o.<\/p>\n\n\n\n<p>\u201cQuebrei e espatifei o quinto metatarso. Vou ter que operar! De uma brincadeira simples, vou ter que operar\u201d, disse. Ela ainda brincou com a situa\u00e7\u00e3o ao mencionar que, apesar da idade, acabou se empolgando durante o momento com a filha.<\/p>\n\n\n\n<p>A previs\u00e3o \u00e9 de que a atriz receba alta na pr\u00f3xima sexta-feira, ap\u00f3s o procedimento, j\u00e1 com o p\u00e9 imobilizado com o aux\u00edlio de uma placa met\u00e1lica.<\/p>","protected":false},"excerpt":{"rendered":"<p>A atriz Fl\u00e1via Monteiro foi internada nesta quarta-feira (8) na Cl\u00ednica S\u00e3o Vicente, no Rio de Janeiro, ap\u00f3s sofrer um acidente dom\u00e9stico que resultou em fratura no p\u00e9. Segundo relato da pr\u00f3pria artista, ela quebrou o quinto metatarso ao cair enquanto estava com a filha, Sophia, no colo. O acidente aconteceu ap\u00f3s a recep\u00e7\u00e3o agitada [&hellip;]<\/p>\n","protected":false},"author":1,"featured_media":297229,"comment_status":"closed","ping_status":"closed","sticky":false,"template":"","format":"standard","meta":{"footnotes":""},"categories":[173],"tags":[21100],"class_list":["post-297227","post","type-post","status-publish","format-standard","has-post-thumbnail","hentry","category-celebridades","tag-flavia-monteiro"],"_links":{"self":[{"href":"https:\/\/portalpopmais.com.br\/en\/wp-json\/wp\/v2\/posts\/297227","targetHints":{"allow":["GET"]}}],"collection":[{"href":"https:\/\/portalpopmais.com.br\/en\/wp-json\/wp\/v2\/posts"}],"about":[{"href":"https:\/\/portalpopmais.com.br\/en\/wp-json\/wp\/v2\/types\/post"}],"author":[{"embeddable":true,"href":"https:\/\/portalpopmais.com.br\/en\/wp-json\/wp\/v2\/users\/1"}],"replies":[{"embeddable":true,"href":"https:\/\/portalpopmais.com.br\/en\/wp-json\/wp\/v2\/comments?post=297227"}],"version-history":[{"count":1,"href":"https:\/\/portalpopmais.com.br\/en\/wp-json\/wp\/v2\/posts\/297227\/revisions"}],"predecessor-version":[{"id":297230,"href":"https:\/\/portalpopmais.com.br\/en\/wp-json\/wp\/v2\/posts\/297227\/revisions\/297230"}],"wp:featuredmedia":[{"embeddable":true,"href":"https:\/\/portalpopmais.com.br\/en\/wp-json\/wp\/v2\/media\/297229"}],"wp:attachment":[{"href":"https:\/\/portalpopmais.com.br\/en\/wp-json\/wp\/v2\/media?parent=297227"}],"wp:term":[{"taxonomy":"category","embeddable":true,"href":"https:\/\/portalpopmais.com.br\/en\/wp-json\/wp\/v2\/categories?post=297227"},{"taxonomy":"post_tag","embeddable":true,"href":"https:\/\/portalpopmais.com.br\/en\/wp-json\/wp\/v2\/tags?post=297227"}],"curies":[{"name":"wp","href":"https:\/\/api.w.org\/{rel}","templated":true}]}}